{"id":1203,"date":"2023-02-09T07:19:39","date_gmt":"2023-02-09T07:19:39","guid":{"rendered":"https:\/\/www.treatwell.pt/partners\/?post_type=blog&#038;p=1203"},"modified":"2023-02-09T10:16:33","modified_gmt":"2023-02-09T10:16:33","slug":"a-treatwell-e-a-uala-uniram-se-para-reforcarem-a-lideranca-europeia-de-plataformas-de-gestao-e-de-reservas-para-saloes-de-belez","status":"publish","type":"blog","link":"https:\/\/www.treatwell.pt/partners\/recursos\/blog\/a-treatwell-e-a-uala-uniram-se-para-reforcarem-a-lideranca-europeia-de-plataformas-de-gestao-e-de-reservas-para-saloes-de-belez\/","title":{"rendered":"A Treatwell e a Uala uniram-se para refor\u00e7arem a lideran\u00e7a europeia de plataformas de gest\u00e3o e de reservas para sal\u00f5es de belez"},"content":{"rendered":"\n<p>Estamos muito felizes por anunciar esta excelente not\u00edcia: a Treatwell e a Uala juntaram-se num \u00fanico Grupo sob o nome Treatwell. Gra\u00e7as a esta uni\u00e3o, a Treatwell confirma e refor\u00e7a a lideran\u00e7a europeia enquanto:<\/p>\n\n\n\n<ul class=\"wp-block-list\">\n<li><a href=\"https:\/\/www.treatwell.pt\/\" target=\"_blank\" rel=\"noreferrer noopener\" class=\"ek-link\">plataforma<\/a> para reservas no setor de beleza e bem-estar atrav\u00e9s de website e app<\/li>\n\n\n\n<li><a href=\"https:\/\/www.treatwell.pt\/partners\/\" target=\"_blank\" rel=\"noreferrer noopener\">software<\/a> de gest\u00e3o (SaaS) para sal\u00f5es de cabeleireiro e centros de est\u00e9tica<\/li>\n<\/ul>\n\n\n\n<figure class=\"wp-block-video\"><video height=\"1080\" style=\"aspect-ratio: 1920 \/ 1080;\" width=\"1920\" controls src=\"https:\/\/www.treatwell.pt/partners\/wp-content\/uploads\/sites\/17\/2023\/02\/Treatwell-Uala-Merge-1920x1080-1.mp4\"><\/video><figcaption class=\"wp-element-caption\">Treatwell e Uala unidas no mesmo Grupo<\/figcaption><\/figure>\n\n\n\n<p><strong>Qual \u00e9 a vantagem desta uni\u00e3o?<\/strong>&nbsp;Ao juntarem-se est\u00e3o a combinar as suas respetivas \u00e1reas de excel\u00eancia: por um lado, a <strong>Treatwell<\/strong>, l\u00edder nas <strong>reservas online para tratamentos de beleza e bem-estar<\/strong> e, por outro, a <strong>Uala<\/strong>, com o seu <strong>software de gest\u00e3o para sal\u00f5es de cabeleireiro e centros de est\u00e9tica<\/strong>.&nbsp;<\/p>\n\n\n\n<p>A Uala, que come\u00e7ou em It\u00e1lia, gra\u00e7as \u00e0s aquisi\u00e7\u00f5es da Bucmi na Espanha e Portugal, da Funkmartini na Gr\u00e9cia e da Balinea na Fran\u00e7a, tornou-se a l\u00edder de mercado nos pa\u00edses do sul da Europa ao longo dos \u00faltimos anos. A Treatwell, por outro lado, j\u00e1 tinha uma presen\u00e7a consolidada em muitos pa\u00edses europe<\/p>\n\n\n\n<h2 class=\"wp-block-heading\">Treatwell e Uala: o que significa esta uni\u00e3o?<\/h2>\n\n\n\n<p>A uni\u00e3o entre ambas assegura um processo de colabora\u00e7\u00e3o s\u00f3lido, que vem garantir \u00e0 Treatwell (al\u00e9m de um cora\u00e7\u00e3o anglo-italiano) as compet\u00eancias de uma equipa bem sucedida e com muita experi\u00eancia em v\u00e1rios mercados. O Grupo (que tem mais de 750 colaboradores) conta agora com uma rede de mais de <strong>45.000 sal\u00f5es parceiros<\/strong> em <strong>13 pa\u00edses europeus<\/strong> e \u00e9 respons\u00e1vel por cerca de <strong>100 milh\u00f5es de reservas por ano<\/strong>.<\/p>\n\n\n\n<p>E mais: a Treatwell pretende aumentar o quadro com <strong>600 novos colaboradores at\u00e9 ao final de 2023<\/strong>, com um <strong>investimento de at\u00e9 40 milh\u00f5es de euros<\/strong>. Vamos procurar recrutar talento para as \u00e1reas de produto, IT e comercial, sobretudo para os mercados italiano, espanhol, franc\u00eas, ingl\u00eas e alem\u00e3o.<\/p>\n\n\n\n<p>&nbsp;<em>\u00abEst\u00e1vamos ansiosos para partilhar esta not\u00edcia. A Treatwell trabalha h\u00e1 v\u00e1rios anos para garantir a melhor experi\u00eancia, para o utilizador e para o sal\u00e3o. Para os sal\u00f5es, a uni\u00e3o com a Uala \u00e9 uma grande vantagem: \u00e9 o software de gest\u00e3o para sal\u00f5es de beleza l\u00edder de mercado no sul da Europa, respons\u00e1vel por ajudar na organiza\u00e7\u00e3o e gest\u00e3o dos seus neg\u00f3cios da melhor forma.\u00bb&nbsp;<\/em><\/p>\n\n\n\n<p><strong>Giampiero Marin\u00f2, CEO da Treatwell.<\/strong><\/p>\n\n\n\n<h2 class=\"wp-block-heading\">A Treatwell e outros softwares de gest\u00e3o<\/h2>\n\n\n\n<p>Durante o \u00faltimo ano, a Treatwell consolidou a sua posi\u00e7\u00e3o em toda a Europa, tendo integrado alguns dos SaaS mais competitivos a n\u00edvel mundial, como o Salonized, nos Pa\u00edses Baixos e o Wavy, na Fran\u00e7a.A experi\u00eancia adquirida na integra\u00e7\u00e3o com estes SaaS e os benef\u00edcios retirados por ambas as partes levaram a Treatwell a abrir-se a <strong>novas formas de colabora\u00e7\u00e3o com outros softwares de gest\u00e3o no setor da beleza e bem-estar<\/strong> que queiram garantir aos seus sal\u00f5es parceiros maior visibilidade na plataforma n.\u00ba 1, l\u00edder na Europa.<\/p>\n\n\n\n<figure class=\"wp-block-image size-full\"><img decoding=\"async\" width=\"1000\" height=\"600\" src=\"https:\/\/www.treatwell.pt/partners\/wp-content\/uploads\/sites\/17\/2023\/02\/image.png\" alt=\"\" class=\"wp-image-1205\" srcset=\"https:\/\/www.treatwell.pt/partners\/wp-content\/uploads\/sites\/17\/2023\/02\/image.png 1000w, https:\/\/www.treatwell.pt/partners\/wp-content\/uploads\/sites\/17\/2023\/02\/image-300x180.png 300w, https:\/\/www.treatwell.pt/partners\/wp-content\/uploads\/sites\/17\/2023\/02\/image-768x461.png 768w\" sizes=\"(max-width: 1000px) 100vw, 1000px\" \/><figcaption class=\"wp-element-caption\"><strong>Giampiero Marin\u00f2, CEO da Treatwell<\/strong><br><\/figcaption><\/figure>\n\n\n\n<p>Os sal\u00f5es poder\u00e3o continuar a usar o seu software na gest\u00e3o dos seus neg\u00f3cios, mas ter\u00e3o acesso \u00e0 maior montra da Europa e, assim, a um n\u00famero cada vez maior de utilizadores. E estes utilizadores v\u00e3o ter acesso a um leque cada vez mais alargado de tratamentos de beleza e bem-estar, que poder\u00e3o ser agendados com apenas alguns cliques, 24 horas por dia, 7 dias por semana.&nbsp;\u00ab<em>Na Europa, a Treatwell j\u00e1 \u00e9 reconhecida pelos seus utilizadores. \u00c9 a plataforma \u2013 website e app \u2013 preferida para reservar tratamentos de beleza. Hoje, ao demonstrar-mos abertura para integra\u00e7\u00e3o com outros softwares de gest\u00e3o, estamos a disponibilizar este servi\u00e7o para milhares de sal\u00f5es interessados em aproveitar esta oportunidade<\/em>\u00bb<\/p>\n\n\n\n<p><strong>Giampiero Marin\u00f2, CEO da Treatwell<\/strong>.<\/p>\n","protected":false},"excerpt":{"rendered":"<p>Estamos muito felizes por anunciar esta excelente not\u00edcia: a Treatwell e a Uala juntaram-se num \u00fanico Grupo sob o nome Treatwell. Gra\u00e7as a esta uni\u00e3o, a Treatwell confirma e refor\u00e7a a lideran\u00e7a europeia enquanto: Qual \u00e9 a vantagem desta uni\u00e3o?&nbsp;Ao juntarem-se est\u00e3o a combinar as suas respetivas \u00e1reas de excel\u00eancia: por um lado, a Treatwell, [&hellip;]<\/p>\n","protected":false},"author":50,"featured_media":1207,"template":"","meta":{"_acf_changed":false,"_yoast_wpseo_title":"","_yoast_wpseo_metadesc":"","_editorskit_title_hidden":false,"_editorskit_reading_time":0,"_editorskit_is_block_options_detached":false,"_editorskit_block_options_position":"{}","saswp_custom_schema_field":""},"categories":[],"tags":[],"target-audience":[],"class_list":["post-1203","blog","type-blog","status-publish","has-post-thumbnail","hentry"],"acf":[],"yoast_head":"<!-- This site is optimized with the Yoast SEO plugin v27.4 - https:\/\/yoast.com\/product\/yoast-seo-wordpress\/ -->\n<title>A Treatwell e a Uala uniram-se para refor\u00e7arem a lideran\u00e7a europeia de plataformas de gest\u00e3o e de reservas para sal\u00f5es de belez &#8211; Treatwell Business<\/title>\n<meta name=\"robots\" content=\"index, follow, max-snippet:-1, max-image-preview:large, max-video-preview:-1\" \/>\n<link rel=\"canonical\" href=\"https:\/\/www.treatwell.pt/partners\/resources\/blog\/a-treatwell-e-a-uala-uniram-se-para-reforcarem-a-lideranca-europeia-de-plataformas-de-gestao-e-de-reservas-para-saloes-de-belez\/\" \/>\n<meta property=\"og:locale\" content=\"pt_PT\" \/>\n<meta property=\"og:type\" content=\"article\" \/>\n<meta property=\"og:title\" content=\"A Treatwell e a Uala uniram-se para refor\u00e7arem a lideran\u00e7a europeia de plataformas de gest\u00e3o e de reservas para sal\u00f5es de belez &#8211; Treatwell Business\" \/>\n<meta property=\"og:description\" content=\"Estamos muito felizes por anunciar esta excelente not\u00edcia: a Treatwell e a Uala juntaram-se num \u00fanico Grupo sob o nome Treatwell. Gra\u00e7as a esta uni\u00e3o, a Treatwell confirma e refor\u00e7a a lideran\u00e7a europeia enquanto: Qual \u00e9 a vantagem desta uni\u00e3o?&nbsp;Ao juntarem-se est\u00e3o a combinar as suas respetivas \u00e1reas de excel\u00eancia: por um lado, a Treatwell, [&hellip;]\" \/>\n<meta property=\"og:url\" content=\"https:\/\/www.treatwell.pt/partners\/resources\/blog\/a-treatwell-e-a-uala-uniram-se-para-reforcarem-a-lideranca-europeia-de-plataformas-de-gestao-e-de-reservas-para-saloes-de-belez\/\" \/>\n<meta property=\"og:site_name\" content=\"Treatwell Business\" \/>\n<meta property=\"article:modified_time\" content=\"2023-02-09T10:16:33+00:00\" \/>\n<meta property=\"og:image\" content=\"https:\/\/www.treatwell.pt/partners\/wp-content\/uploads\/sites\/17\/2023\/02\/TreatwellUalaMerge_201-1.png\" \/>\n\t<meta property=\"og:image:width\" content=\"1536\" \/>\n\t<meta property=\"og:image:height\" content=\"864\" \/>\n\t<meta property=\"og:image:type\" content=\"image\/png\" \/>\n<meta name=\"twitter:card\" content=\"summary_large_image\" \/>\n<meta name=\"twitter:label1\" content=\"Tempo estimado de leitura\" \/>\n\t<meta name=\"twitter:data1\" content=\"4 minutos\" \/>\n<script type=\"application\/ld+json\" class=\"yoast-schema-graph\">{\"@context\":\"https:\\\/\\\/schema.org\",\"@graph\":[{\"@type\":\"Article\",\"@id\":\"https:\\\/\\\/www.treatwell.pt/partners\\\/resources\\\/blog\\\/a-treatwell-e-a-uala-uniram-se-para-reforcarem-a-lideranca-europeia-de-plataformas-de-gestao-e-de-reservas-para-saloes-de-belez\\\/#article\",\"isPartOf\":{\"@id\":\"https:\\\/\\\/www.treatwell.pt/partners\\\/resources\\\/blog\\\/a-treatwell-e-a-uala-uniram-se-para-reforcarem-a-lideranca-europeia-de-plataformas-de-gestao-e-de-reservas-para-saloes-de-belez\\\/\"},\"author\":{\"name\":\"Beth Ryan\",\"@id\":\"https:\\\/\\\/www.treatwell.pt/partners\\\/#\\\/schema\\\/person\\\/6960e93c537181ca1be516e802450be1\"},\"headline\":\"A Treatwell e a Uala uniram-se para refor\u00e7arem a lideran\u00e7a europeia de plataformas de gest\u00e3o e de reservas para sal\u00f5es de belez\",\"datePublished\":\"2023-02-09T07:19:39+00:00\",\"dateModified\":\"2023-02-09T10:16:33+00:00\",\"mainEntityOfPage\":{\"@id\":\"https:\\\/\\\/www.treatwell.pt/partners\\\/resources\\\/blog\\\/a-treatwell-e-a-uala-uniram-se-para-reforcarem-a-lideranca-europeia-de-plataformas-de-gestao-e-de-reservas-para-saloes-de-belez\\\/\"},\"wordCount\":680,\"publisher\":{\"@id\":\"https:\\\/\\\/www.treatwell.pt/partners\\\/#organization\"},\"image\":{\"@id\":\"https:\\\/\\\/www.treatwell.pt/partners\\\/resources\\\/blog\\\/a-treatwell-e-a-uala-uniram-se-para-reforcarem-a-lideranca-europeia-de-plataformas-de-gestao-e-de-reservas-para-saloes-de-belez\\\/#primaryimage\"},\"thumbnailUrl\":\"https:\\\/\\\/www.treatwell.pt/partners\\\/wp-content\\\/uploads\\\/sites\\\/17\\\/2023\\\/02\\\/TreatwellUalaMerge_201-1.png\",\"inLanguage\":\"pt-PT\"},{\"@type\":\"WebPage\",\"@id\":\"https:\\\/\\\/www.treatwell.pt/partners\\\/resources\\\/blog\\\/a-treatwell-e-a-uala-uniram-se-para-reforcarem-a-lideranca-europeia-de-plataformas-de-gestao-e-de-reservas-para-saloes-de-belez\\\/\",\"url\":\"https:\\\/\\\/www.treatwell.pt/partners\\\/resources\\\/blog\\\/a-treatwell-e-a-uala-uniram-se-para-reforcarem-a-lideranca-europeia-de-plataformas-de-gestao-e-de-reservas-para-saloes-de-belez\\\/\",\"name\":\"A Treatwell e a Uala uniram-se para refor\u00e7arem a lideran\u00e7a europeia de plataformas de gest\u00e3o e de reservas para sal\u00f5es de belez &#8211; Treatwell Business\",\"isPartOf\":{\"@id\":\"https:\\\/\\\/www.treatwell.pt/partners\\\/#website\"},\"primaryImageOfPage\":{\"@id\":\"https:\\\/\\\/www.treatwell.pt/partners\\\/resources\\\/blog\\\/a-treatwell-e-a-uala-uniram-se-para-reforcarem-a-lideranca-europeia-de-plataformas-de-gestao-e-de-reservas-para-saloes-de-belez\\\/#primaryimage\"},\"image\":{\"@id\":\"https:\\\/\\\/www.treatwell.pt/partners\\\/resources\\\/blog\\\/a-treatwell-e-a-uala-uniram-se-para-reforcarem-a-lideranca-europeia-de-plataformas-de-gestao-e-de-reservas-para-saloes-de-belez\\\/#primaryimage\"},\"thumbnailUrl\":\"https:\\\/\\\/www.treatwell.pt/partners\\\/wp-content\\\/uploads\\\/sites\\\/17\\\/2023\\\/02\\\/TreatwellUalaMerge_201-1.png\",\"datePublished\":\"2023-02-09T07:19:39+00:00\",\"dateModified\":\"2023-02-09T10:16:33+00:00\",\"breadcrumb\":{\"@id\":\"https:\\\/\\\/www.treatwell.pt/partners\\\/resources\\\/blog\\\/a-treatwell-e-a-uala-uniram-se-para-reforcarem-a-lideranca-europeia-de-plataformas-de-gestao-e-de-reservas-para-saloes-de-belez\\\/#breadcrumb\"},\"inLanguage\":\"pt-PT\",\"potentialAction\":[{\"@type\":\"ReadAction\",\"target\":[\"https:\\\/\\\/www.treatwell.pt/partners\\\/resources\\\/blog\\\/a-treatwell-e-a-uala-uniram-se-para-reforcarem-a-lideranca-europeia-de-plataformas-de-gestao-e-de-reservas-para-saloes-de-belez\\\/\"]}]},{\"@type\":\"ImageObject\",\"inLanguage\":\"pt-PT\",\"@id\":\"https:\\\/\\\/www.treatwell.pt/partners\\\/resources\\\/blog\\\/a-treatwell-e-a-uala-uniram-se-para-reforcarem-a-lideranca-europeia-de-plataformas-de-gestao-e-de-reservas-para-saloes-de-belez\\\/#primaryimage\",\"url\":\"https:\\\/\\\/www.treatwell.pt/partners\\\/wp-content\\\/uploads\\\/sites\\\/17\\\/2023\\\/02\\\/TreatwellUalaMerge_201-1.png\",\"contentUrl\":\"https:\\\/\\\/www.treatwell.pt/partners\\\/wp-content\\\/uploads\\\/sites\\\/17\\\/2023\\\/02\\\/TreatwellUalaMerge_201-1.png\",\"width\":1536,\"height\":864},{\"@type\":\"BreadcrumbList\",\"@id\":\"https:\\\/\\\/www.treatwell.pt/partners\\\/resources\\\/blog\\\/a-treatwell-e-a-uala-uniram-se-para-reforcarem-a-lideranca-europeia-de-plataformas-de-gestao-e-de-reservas-para-saloes-de-belez\\\/#breadcrumb\",\"itemListElement\":[{\"@type\":\"ListItem\",\"position\":1,\"name\":\"Home\",\"item\":\"https:\\\/\\\/www.treatwell.pt/partners\\\/\"},{\"@type\":\"ListItem\",\"position\":2,\"name\":\"Blog\",\"item\":\"https:\\\/\\\/www.treatwell.pt/partners\\\/recursos\\\/blog\\\/\"},{\"@type\":\"ListItem\",\"position\":3,\"name\":\"A Treatwell e a Uala uniram-se para refor\u00e7arem a lideran\u00e7a europeia de plataformas de gest\u00e3o e de reservas para sal\u00f5es de belez\"}]},{\"@type\":\"WebSite\",\"@id\":\"https:\\\/\\\/www.treatwell.pt/partners\\\/#website\",\"url\":\"https:\\\/\\\/www.treatwell.pt/partners\\\/\",\"name\":\"Treatwell\",\"description\":\"\",\"publisher\":{\"@id\":\"https:\\\/\\\/www.treatwell.pt/partners\\\/#organization\"},\"potentialAction\":[{\"@type\":\"SearchAction\",\"target\":{\"@type\":\"EntryPoint\",\"urlTemplate\":\"https:\\\/\\\/www.treatwell.pt/partners\\\/?s={search_term_string}\"},\"query-input\":{\"@type\":\"PropertyValueSpecification\",\"valueRequired\":true,\"valueName\":\"search_term_string\"}}],\"inLanguage\":\"pt-PT\"},{\"@type\":\"Organization\",\"@id\":\"https:\\\/\\\/www.treatwell.pt/partners\\\/#organization\",\"name\":\"Treatwell\",\"url\":\"https:\\\/\\\/www.treatwell.pt/partners\\\/\",\"logo\":{\"@type\":\"ImageObject\",\"inLanguage\":\"pt-PT\",\"@id\":\"https:\\\/\\\/www.treatwell.pt/partners\\\/#\\\/schema\\\/logo\\\/image\\\/\",\"url\":\"https:\\\/\\\/www.treatwell.pt/partners\\\/wp-content\\\/uploads\\\/sites\\\/17\\\/2022\\\/03\\\/logo-treatwell-4x.png\",\"contentUrl\":\"https:\\\/\\\/www.treatwell.pt/partners\\\/wp-content\\\/uploads\\\/sites\\\/17\\\/2022\\\/03\\\/logo-treatwell-4x.png\",\"width\":475,\"height\":89,\"caption\":\"Treatwell\"},\"image\":{\"@id\":\"https:\\\/\\\/www.treatwell.pt/partners\\\/#\\\/schema\\\/logo\\\/image\\\/\"}},{\"@type\":\"Person\",\"@id\":\"https:\\\/\\\/www.treatwell.pt/partners\\\/#\\\/schema\\\/person\\\/6960e93c537181ca1be516e802450be1\",\"name\":\"Beth Ryan\",\"image\":{\"@type\":\"ImageObject\",\"inLanguage\":\"pt-PT\",\"@id\":\"https:\\\/\\\/secure.gravatar.com\\\/avatar\\\/93502c3b0591e62d75cc697ff3b5b8f47fef521e9dd0d61feb5570ae6d459200?s=96&d=mm&r=g\",\"url\":\"https:\\\/\\\/secure.gravatar.com\\\/avatar\\\/93502c3b0591e62d75cc697ff3b5b8f47fef521e9dd0d61feb5570ae6d459200?s=96&d=mm&r=g\",\"contentUrl\":\"https:\\\/\\\/secure.gravatar.com\\\/avatar\\\/93502c3b0591e62d75cc697ff3b5b8f47fef521e9dd0d61feb5570ae6d459200?s=96&d=mm&r=g\",\"caption\":\"Beth Ryan\"},\"url\":\"https:\\\/\\\/www.treatwell.pt/partners\\\/author\\\/bethany-ryantreatwell-com\\\/\"}]}<\/script>\n<!-- \/ Yoast SEO plugin. -->","yoast_head_json":{"title":"A Treatwell e a Uala uniram-se para refor\u00e7arem a lideran\u00e7a europeia de plataformas de gest\u00e3o e de reservas para sal\u00f5es de belez &#8211; Treatwell Business","robots":{"index":"index","follow":"follow","max-snippet":"max-snippet:-1","max-image-preview":"max-image-preview:large","max-video-preview":"max-video-preview:-1"},"canonical":"https:\/\/www.treatwell.pt/partners\/resources\/blog\/a-treatwell-e-a-uala-uniram-se-para-reforcarem-a-lideranca-europeia-de-plataformas-de-gestao-e-de-reservas-para-saloes-de-belez\/","og_locale":"pt_PT","og_type":"article","og_title":"A Treatwell e a Uala uniram-se para refor\u00e7arem a lideran\u00e7a europeia de plataformas de gest\u00e3o e de reservas para sal\u00f5es de belez &#8211; Treatwell Business","og_description":"Estamos muito felizes por anunciar esta excelente not\u00edcia: a Treatwell e a Uala juntaram-se num \u00fanico Grupo sob o nome Treatwell. Gra\u00e7as a esta uni\u00e3o, a Treatwell confirma e refor\u00e7a a lideran\u00e7a europeia enquanto: Qual \u00e9 a vantagem desta uni\u00e3o?&nbsp;Ao juntarem-se est\u00e3o a combinar as suas respetivas \u00e1reas de excel\u00eancia: por um lado, a Treatwell, [&hellip;]","og_url":"https:\/\/www.treatwell.pt/partners\/resources\/blog\/a-treatwell-e-a-uala-uniram-se-para-reforcarem-a-lideranca-europeia-de-plataformas-de-gestao-e-de-reservas-para-saloes-de-belez\/","og_site_name":"Treatwell Business","article_modified_time":"2023-02-09T10:16:33+00:00","og_image":[{"width":1536,"height":864,"url":"https:\/\/www.treatwell.pt/partners\/wp-content\/uploads\/sites\/17\/2023\/02\/TreatwellUalaMerge_201-1.png","type":"image\/png"}],"twitter_card":"summary_large_image","twitter_misc":{"Tempo estimado de leitura":"4 minutos"},"schema":{"@context":"https:\/\/schema.org","@graph":[{"@type":"Article","@id":"https:\/\/www.treatwell.pt/partners\/resources\/blog\/a-treatwell-e-a-uala-uniram-se-para-reforcarem-a-lideranca-europeia-de-plataformas-de-gestao-e-de-reservas-para-saloes-de-belez\/#article","isPartOf":{"@id":"https:\/\/www.treatwell.pt/partners\/resources\/blog\/a-treatwell-e-a-uala-uniram-se-para-reforcarem-a-lideranca-europeia-de-plataformas-de-gestao-e-de-reservas-para-saloes-de-belez\/"},"author":{"name":"Beth Ryan","@id":"https:\/\/www.treatwell.pt/partners\/#\/schema\/person\/6960e93c537181ca1be516e802450be1"},"headline":"A Treatwell e a Uala uniram-se para refor\u00e7arem a lideran\u00e7a europeia de plataformas de gest\u00e3o e de reservas para sal\u00f5es de belez","datePublished":"2023-02-09T07:19:39+00:00","dateModified":"2023-02-09T10:16:33+00:00","mainEntityOfPage":{"@id":"https:\/\/www.treatwell.pt/partners\/resources\/blog\/a-treatwell-e-a-uala-uniram-se-para-reforcarem-a-lideranca-europeia-de-plataformas-de-gestao-e-de-reservas-para-saloes-de-belez\/"},"wordCount":680,"publisher":{"@id":"https:\/\/www.treatwell.pt/partners\/#organization"},"image":{"@id":"https:\/\/www.treatwell.pt/partners\/resources\/blog\/a-treatwell-e-a-uala-uniram-se-para-reforcarem-a-lideranca-europeia-de-plataformas-de-gestao-e-de-reservas-para-saloes-de-belez\/#primaryimage"},"thumbnailUrl":"https:\/\/www.treatwell.pt/partners\/wp-content\/uploads\/sites\/17\/2023\/02\/TreatwellUalaMerge_201-1.png","inLanguage":"pt-PT"},{"@type":"WebPage","@id":"https:\/\/www.treatwell.pt/partners\/resources\/blog\/a-treatwell-e-a-uala-uniram-se-para-reforcarem-a-lideranca-europeia-de-plataformas-de-gestao-e-de-reservas-para-saloes-de-belez\/","url":"https:\/\/www.treatwell.pt/partners\/resources\/blog\/a-treatwell-e-a-uala-uniram-se-para-reforcarem-a-lideranca-europeia-de-plataformas-de-gestao-e-de-reservas-para-saloes-de-belez\/","name":"A Treatwell e a Uala uniram-se para refor\u00e7arem a lideran\u00e7a europeia de plataformas de gest\u00e3o e de reservas para sal\u00f5es de belez &#8211; Treatwell Business","isPartOf":{"@id":"https:\/\/www.treatwell.pt/partners\/#website"},"primaryImageOfPage":{"@id":"https:\/\/www.treatwell.pt/partners\/resources\/blog\/a-treatwell-e-a-uala-uniram-se-para-reforcarem-a-lideranca-europeia-de-plataformas-de-gestao-e-de-reservas-para-saloes-de-belez\/#primaryimage"},"image":{"@id":"https:\/\/www.treatwell.pt/partners\/resources\/blog\/a-treatwell-e-a-uala-uniram-se-para-reforcarem-a-lideranca-europeia-de-plataformas-de-gestao-e-de-reservas-para-saloes-de-belez\/#primaryimage"},"thumbnailUrl":"https:\/\/www.treatwell.pt/partners\/wp-content\/uploads\/sites\/17\/2023\/02\/TreatwellUalaMerge_201-1.png","datePublished":"2023-02-09T07:19:39+00:00","dateModified":"2023-02-09T10:16:33+00:00","breadcrumb":{"@id":"https:\/\/www.treatwell.pt/partners\/resources\/blog\/a-treatwell-e-a-uala-uniram-se-para-reforcarem-a-lideranca-europeia-de-plataformas-de-gestao-e-de-reservas-para-saloes-de-belez\/#breadcrumb"},"inLanguage":"pt-PT","potentialAction":[{"@type":"ReadAction","target":["https:\/\/www.treatwell.pt/partners\/resources\/blog\/a-treatwell-e-a-uala-uniram-se-para-reforcarem-a-lideranca-europeia-de-plataformas-de-gestao-e-de-reservas-para-saloes-de-belez\/"]}]},{"@type":"ImageObject","inLanguage":"pt-PT","@id":"https:\/\/www.treatwell.pt/partners\/resources\/blog\/a-treatwell-e-a-uala-uniram-se-para-reforcarem-a-lideranca-europeia-de-plataformas-de-gestao-e-de-reservas-para-saloes-de-belez\/#primaryimage","url":"https:\/\/www.treatwell.pt/partners\/wp-content\/uploads\/sites\/17\/2023\/02\/TreatwellUalaMerge_201-1.png","contentUrl":"https:\/\/www.treatwell.pt/partners\/wp-content\/uploads\/sites\/17\/2023\/02\/TreatwellUalaMerge_201-1.png","width":1536,"height":864},{"@type":"BreadcrumbList","@id":"https:\/\/www.treatwell.pt/partners\/resources\/blog\/a-treatwell-e-a-uala-uniram-se-para-reforcarem-a-lideranca-europeia-de-plataformas-de-gestao-e-de-reservas-para-saloes-de-belez\/#breadcrumb","itemListElement":[{"@type":"ListItem","position":1,"name":"Home","item":"https:\/\/www.treatwell.pt/partners\/"},{"@type":"ListItem","position":2,"name":"Blog","item":"https:\/\/www.treatwell.pt/partners\/recursos\/blog\/"},{"@type":"ListItem","position":3,"name":"A Treatwell e a Uala uniram-se para refor\u00e7arem a lideran\u00e7a europeia de plataformas de gest\u00e3o e de reservas para sal\u00f5es de belez"}]},{"@type":"WebSite","@id":"https:\/\/www.treatwell.pt/partners\/#website","url":"https:\/\/www.treatwell.pt/partners\/","name":"Treatwell","description":"","publisher":{"@id":"https:\/\/www.treatwell.pt/partners\/#organization"},"potentialAction":[{"@type":"SearchAction","target":{"@type":"EntryPoint","urlTemplate":"https:\/\/www.treatwell.pt/partners\/?s={search_term_string}"},"query-input":{"@type":"PropertyValueSpecification","valueRequired":true,"valueName":"search_term_string"}}],"inLanguage":"pt-PT"},{"@type":"Organization","@id":"https:\/\/www.treatwell.pt/partners\/#organization","name":"Treatwell","url":"https:\/\/www.treatwell.pt/partners\/","logo":{"@type":"ImageObject","inLanguage":"pt-PT","@id":"https:\/\/www.treatwell.pt/partners\/#\/schema\/logo\/image\/","url":"https:\/\/www.treatwell.pt/partners\/wp-content\/uploads\/sites\/17\/2022\/03\/logo-treatwell-4x.png","contentUrl":"https:\/\/www.treatwell.pt/partners\/wp-content\/uploads\/sites\/17\/2022\/03\/logo-treatwell-4x.png","width":475,"height":89,"caption":"Treatwell"},"image":{"@id":"https:\/\/www.treatwell.pt/partners\/#\/schema\/logo\/image\/"}},{"@type":"Person","@id":"https:\/\/www.treatwell.pt/partners\/#\/schema\/person\/6960e93c537181ca1be516e802450be1","name":"Beth Ryan","image":{"@type":"ImageObject","inLanguage":"pt-PT","@id":"https:\/\/secure.gravatar.com\/avatar\/93502c3b0591e62d75cc697ff3b5b8f47fef521e9dd0d61feb5570ae6d459200?s=96&d=mm&r=g","url":"https:\/\/secure.gravatar.com\/avatar\/93502c3b0591e62d75cc697ff3b5b8f47fef521e9dd0d61feb5570ae6d459200?s=96&d=mm&r=g","contentUrl":"https:\/\/secure.gravatar.com\/avatar\/93502c3b0591e62d75cc697ff3b5b8f47fef521e9dd0d61feb5570ae6d459200?s=96&d=mm&r=g","caption":"Beth Ryan"},"url":"https:\/\/www.treatwell.pt/partners\/author\/bethany-ryantreatwell-com\/"}]}},"_links":{"self":[{"href":"https:\/\/www.treatwell.pt\/partners\/wp-json\/wp\/v2\/blog\/1203","targetHints":{"allow":["GET"]}}],"collection":[{"href":"https:\/\/www.treatwell.pt\/partners\/wp-json\/wp\/v2\/blog"}],"about":[{"href":"https:\/\/www.treatwell.pt\/partners\/wp-json\/wp\/v2\/types\/blog"}],"author":[{"embeddable":true,"href":"https:\/\/www.treatwell.pt\/partners\/wp-json\/wp\/v2\/users\/50"}],"wp:featuredmedia":[{"embeddable":true,"href":"https:\/\/www.treatwell.pt\/partners\/wp-json\/wp\/v2\/media\/1207"}],"wp:attachment":[{"href":"https:\/\/www.treatwell.pt\/partners\/wp-json\/wp\/v2\/media?parent=1203"}],"wp:term":[{"taxonomy":"category","embeddable":true,"href":"https:\/\/www.treatwell.pt\/partners\/wp-json\/wp\/v2\/categories?post=1203"},{"taxonomy":"post_tag","embeddable":true,"href":"https:\/\/www.treatwell.pt\/partners\/wp-json\/wp\/v2\/tags?post=1203"},{"taxonomy":"target-audience","embeddable":true,"href":"https:\/\/www.treatwell.pt\/partners\/wp-json\/wp\/v2\/target-audience?post=1203"}],"curies":[{"name":"wp","href":"https:\/\/api.w.org\/{rel}","templated":true}]}}