{"id":4839,"date":"2026-09-01T15:33:04","date_gmt":"2026-09-01T15:33:04","guid":{"rendered":"https:\/\/www.treatwell.pt/partners\/?post_type=blog&#038;p=4839"},"modified":"2026-09-01T15:33:04","modified_gmt":"2026-09-01T15:33:04","slug":"fotografia-salao-atrair-mais-clientes","status":"publish","type":"blog","link":"https:\/\/www.treatwell.pt/partners\/blog\/abrir\/fotografia-salao-atrair-mais-clientes\/","title":{"rendered":"Fotografia de sal&atilde;o: como atrair mais clientes com boas fotos"},"content":{"rendered":"\n<p class=\"wp-block-paragraph\"><em>Os clientes passam por dezenas de sal\u00f5es antes de escolherem um, e decidem em cerca de quatro segundos. S\u00e3o as tuas fotos que fazem esse trabalho todo por ti, e \u00e9 muito pedir a uns quantos cent\u00edmetros quadrados de ecr\u00e3. Uma grelha de fotos tremidas e mal iluminadas tiradas com o telem\u00f3vel debaixo dos fluorescentes da rece\u00e7\u00e3o custa-te marca\u00e7\u00f5es de que nunca chegar\u00e1s a saber. A boa not\u00edcia: n\u00e3o \u00e9 preciso um profissional todas as semanas nem equipamento caro. Um telem\u00f3vel decente, um aro de luz e meia d\u00fazia de h\u00e1bitos j\u00e1 te levam muito longe.<\/em><\/p>\n\n\n\n<figure class=\"wp-block-image size-large\"><img decoding=\"async\" width=\"1950\" height=\"1300\" src=\"https:\/\/www.treatwell.pt/partners\/wp-content\/uploads\/sites\/17\/2026\/09\/salon-photography-attract-more-clients.webp\" alt=\"Interior de sal\u00e3o luminoso com paredes cor-de-rosa e lil\u00e1s, vigas de madeira \u00e0 vista, retratos pop art coloridos e sof\u00e1s de veludo, iluminado por luz natural.\" class=\"wp-image-4838\" srcset=\"https:\/\/www.treatwell.pt/partners\/wp-content\/uploads\/sites\/17\/2026\/09\/salon-photography-attract-more-clients.webp 1950w, https:\/\/www.treatwell.pt/partners\/wp-content\/uploads\/sites\/17\/2026\/09\/salon-photography-attract-more-clients-300x200.webp 300w, https:\/\/www.treatwell.pt/partners\/wp-content\/uploads\/sites\/17\/2026\/09\/salon-photography-attract-more-clients-1024x683.webp 1024w, https:\/\/www.treatwell.pt/partners\/wp-content\/uploads\/sites\/17\/2026\/09\/salon-photography-attract-more-clients-768x512.webp 768w, https:\/\/www.treatwell.pt/partners\/wp-content\/uploads\/sites\/17\/2026\/09\/salon-photography-attract-more-clients-1536x1024.webp 1536w\" sizes=\"(max-width: 1950px) 100vw, 1950px\" \/><\/figure>\n\n\n\n<h2 class=\"wp-block-heading\">Porque \u00e9 que as fotos contam mesmo para o teu sal\u00e3o<\/h2>\n\n\n\n<p class=\"wp-block-paragraph\">Existe uma vers\u00e3o de ti que os clientes conhecem antes de entrarem pela porta, e est\u00e1 no telem\u00f3vel deles. As tuas fotos dizem-lhes se \u00e9s o tipo de s\u00edtio onde se gastam 120 \u20ac com confian\u00e7a, ou se \u00e9 melhor continuarem a deslizar.<\/p>\n\n\n\n<p class=\"wp-block-paragraph\">Ou seja, as fotos n\u00e3o est\u00e3o ali s\u00f3 para o sal\u00e3o parecer mais bonito. Fixam o pre\u00e7o que o cliente acha que praticas, sugerem em que tratamentos pareces especializado e definem a fasquia pela qual vais ser medido. Tudo antes de teres dito ol\u00e1.<\/p>\n\n\n\n<h3 class=\"wp-block-heading\">O que as boas fotos trazem ao neg\u00f3cio<\/h3>\n\n\n\n<p class=\"wp-block-paragraph\">Quem chega ao teu perfil constr\u00f3i uma ideia do teu trabalho s\u00f3 a partir das imagens. As fotos boas deixam a pessoa imaginar-se na tua cadeira; as fracas deixam-na a pensar no que iria realmente receber.<\/p>\n\n\n\n<p class=\"wp-block-paragraph\">De vez em quando vale a pena percorrer os outros sal\u00f5es da tua zona: \u00e9 bem prov\u00e1vel que usem todos a mesma luz de teto, as mesmas selfies cortadas demasiado justas e os mesmos fundos cheios de frascos de produto. Essa \u00e9 uma faixa f\u00e1cil de ultrapassar.<\/p>\n\n\n\n<h3 class=\"wp-block-heading\">Fazer tu ou contratar um fot\u00f3grafo profissional<\/h3>\n\n\n\n<p class=\"wp-block-paragraph\">A maioria dos sal\u00f5es n\u00e3o tem de escolher entre o conte\u00fado feito no telem\u00f3vel e uma sess\u00e3o profissional: precisa dos dois, em momentos diferentes. Para as marca\u00e7\u00f5es do dia a dia, os reels de transforma\u00e7\u00e3o e os bastidores r\u00e1pidos, o telem\u00f3vel chega e sobra. Para as imagens principais do perfil, para uma campanha ou para uma mudan\u00e7a de imagem, \u00e9 a\u00ed que um profissional justifica o valor que cobra, e uma ou duas vezes por ano costuma bastar. Todo o resto s\u00e3o tu e a tua equipa, numa ter\u00e7a-feira, com o aro de luz.<\/p>\n\n\n\n<h3 class=\"wp-block-heading\">Pede informa\u00e7\u00f5es sobre uma sess\u00e3o fotogr\u00e1fica da Treatwell<\/h3>\n\n\n\n<p class=\"wp-block-paragraph\">Se preferes n\u00e3o passar um domingo a telefonar a fot\u00f3grafos para pedir or\u00e7amentos, a Treatwell tem um servi\u00e7o de sess\u00f5es fotogr\u00e1ficas para os sal\u00f5es parceiros em algumas cidades. A cobertura muda ao longo do tempo: escreve para <a href=\"mailto:photo@treatwell.com\">photo@treatwell.com<\/a>&nbsp;para saberes se o teu sal\u00e3o est\u00e1 abrangido e receberes um or\u00e7amento personalizado.<\/p>\n\n\n\n<p class=\"wp-block-paragraph\">A sess\u00e3o inclui a confirma\u00e7\u00e3o da marca\u00e7\u00e3o, um aviso 48 horas antes e as tuas fotos publicadas diretamente no teu perfil da Treatwell assim que estiverem prontas. Podes cancelar ou reagendar com pelo menos 36 horas de anteced\u00eancia (sem contar fins de semana). Se o teu sal\u00e3o ficar fora da \u00e1rea de servi\u00e7o padr\u00e3o a sess\u00e3o continua a ser poss\u00edvel, mas o fot\u00f3grafo faz um or\u00e7amento \u00e0 parte e os custos adicionais ficam do teu lado. Todos os detalhes est\u00e3o no <a href=\"https:\/\/partnercare.treatwell.com\/s\/?language=pt_PT&amp;view=article&amp;path=configuracoes%2FComo-posso-beneficiar-de-uma-sess%C3%A3o-fotogr%C3%A1fica-do-Treatwell\">Partner Help Centre<\/a>.<\/p>\n\n\n\n<h2 class=\"wp-block-heading\">Domina a luz<\/h2>\n\n\n\n<p class=\"wp-block-paragraph\">\u00c9 na luz que se joga cada foto de sal\u00e3o. Podes passar seis horas numa transforma\u00e7\u00e3o de cor e perder tudo por causa de um foco quente no teto que transforma o teu loiro platinado num tom que preferes n\u00e3o descrever. O que precisas \u00e9 de uma luz neutra e constante, para que a foto mostre aquilo com que o cliente saiu mesmo pela porta. Basta uma tarde calma com as l\u00e2mpadas, as janelas e o aro de luz para deixares a montagem resolvida para o ano inteiro.<\/p>\n\n\n\n<h3 class=\"wp-block-heading\">Tira partido da luz natural<\/h3>\n\n\n\n<p class=\"wp-block-paragraph\">A luz natural faz a maior parte do trabalho, por isso compensa jogar com ela em vez de contra ela. Senta o cliente virado para a janela em vez de estar de costas para ela, e se conseguires p\u00f4r um cortinado leve \u00e0 frente, ainda melhor: essa luz suave e difusa d\u00e1 o resultado limpo e editorial que nenhuma l\u00e2mpada consegue igualar. Do fim da manh\u00e3 ao in\u00edcio da tarde costuma ser a melhor altura, antes de o sol ficar direto e come\u00e7ar a atirar sombras duras para dentro da sala.<\/p>\n\n\n\n<h3 class=\"wp-block-heading\">Luz artificial para as noites e os dias cinzentos<\/h3>\n\n\n\n<p class=\"wp-block-paragraph\">Para todo o resto, um aro de luz cumpre. P\u00f5e-no ligeiramente acima da altura dos olhos e inclinado uns 45 graus, para suavizar o rosto em vez de o achatar. Se o espa\u00e7o for maior, um ou dois pain\u00e9is LED port\u00e1teis preenchem os cantos a que o aro n\u00e3o chega. E se ainda assim a luz continuar um pouco chapada, encosta \u00e0 frente uma placa de esferovite branco a servir de refletor improvisado: n\u00e3o custa nada e muda mesmo a foto.<\/p>\n\n\n\n<h3 class=\"wp-block-heading\">Os erros de luz que fazem tudo parecer amador<\/h3>\n\n\n\n<p class=\"wp-block-paragraph\">H\u00e1 tr\u00eas coisas que apanham quase todos os sal\u00f5es. A primeira \u00e9 misturar l\u00e2mpadas quentes e frias na mesma foto, o que d\u00e1 aquele tom vagamente esverdeado que n\u00e3o favorece ningu\u00e9m. A segunda \u00e9 confiar nas calhas de luz por cima dos postos de trabalho, \u00f3timas para cortar cabelo e p\u00e9ssimas para o fotografar, porque p\u00f5em todos os maxilares da sala na sombra. A terceira \u00e9 fotografar com a janela atr\u00e1s do cliente, que sai em contraluz enquanto o teu trabalho desaparece. Uma s\u00f3 fonte de luz, de frente, igual de cada vez: faz isso e o resto resolve-se sozinho.<\/p>\n\n\n\n<h2 class=\"wp-block-heading\">Monta um canto de fotografia fixo<\/h2>\n\n\n\n<p class=\"wp-block-paragraph\">Um canto de fotografia \u00e9 um ponto do sal\u00e3o onde a luz \u00e9 boa e onde tudo o que precisas fica junto, nada mais complicado do que isso. Tamb\u00e9m n\u00e3o tem de ocupar metros que n\u00e3o tens: basta um canto junto \u00e0 janela com espa\u00e7o para uma cadeira, o suporte do telem\u00f3vel e o aro de luz. A quest\u00e3o \u00e9 que vais fotografar de forma constante porque fotografas sempre no mesmo s\u00edtio, e que vais mesmo tirar as fotos porque est\u00e1 tudo pronto.<\/p>\n\n\n\n<h3 class=\"wp-block-heading\">Escolhe o fundo certo<\/h3>\n\n\n\n<p class=\"wp-block-paragraph\">Mant\u00e9m o fundo limpo e neutro: branco, cinzento-claro ou bege funcionam na maioria dos espa\u00e7os. Escolhas o que escolheres, garante que atr\u00e1s da cabe\u00e7a do cliente n\u00e3o fica nada a competir com o trabalho. E se a tua decora\u00e7\u00e3o for escura e de ambiente, um fundo branco puro vai entrar em conflito com ela: leva antes algo mais quente, que combine com o resto do sal\u00e3o. Um fundo port\u00e1til d\u00e1 jeito se o espa\u00e7o for pouco, porque enrola assim que precisas do canto outra vez.<\/p>\n\n\n\n<h3 class=\"wp-block-heading\">Como montar o canto e o que ter \u00e0 m\u00e3o<\/h3>\n\n\n\n<p class=\"wp-block-paragraph\">O canto em si \u00e9 simples: uma cadeira ou banco com fita no ch\u00e3o a marcar onde fica, um trip\u00e9 ou suporte de telem\u00f3vel, o aro de luz, uns toalhetes para a lente e um espelho. Guarda o kit todo numa gaveta ou prateleira mesmo ali, porque a ideia do canto \u00e9 que fique tudo ao alcance da m\u00e3o. Se o aro de luz estiver do outro lado do sal\u00e3o dentro do saco de algu\u00e9m, n\u00e3o o usa ningu\u00e9m.<\/p>\n\n\n\n<h2 class=\"wp-block-heading\">Defini\u00e7\u00f5es da c\u00e2mara e t\u00e9cnicas com o telem\u00f3vel<\/h2>\n\n\n\n<p class=\"wp-block-paragraph\">Nada disto precisa de ser complicado. Segura a c\u00e2mara \u00e0 altura do rosto e n\u00e3o de baixo, a n\u00e3o ser que queiras mesmo um \u00e2ngulo pouco favor\u00e1vel. Limpa a lente antes de come\u00e7ares, que um telem\u00f3vel vive no bolso e apanha gordura. E liga a grelha da c\u00e2mara para alinhares o enquadramento: com isso j\u00e1 cobres quase tudo.<\/p>\n\n\n\n<h3 class=\"wp-block-heading\">Como tirar o m\u00e1ximo da c\u00e2mara do telem\u00f3vel<\/h3>\n\n\n\n<p class=\"wp-block-paragraph\">O modo retrato desfoca bem o fundo, mas tamb\u00e9m desfoca as madeixas mais finas e a nail art mais detalhada, por isso testa-o antes de confiares. Se quiseres mais controlo do que a c\u00e2mara de origem te d\u00e1, apps como ProCam, Camera+ 2 e Open Camera deixam-te acertar a exposi\u00e7\u00e3o e o balan\u00e7o de brancos \u00e0 m\u00e3o. E deixa o flash em paz: queima o rosto do cliente e d\u00e1 aos brilhos aquele ar plastificado que passaste a tarde toda a evitar.<\/p>\n\n\n\n<h3 class=\"wp-block-heading\">Consegue fotos iguais de cada vez<\/h3>\n\n\n\n<p class=\"wp-block-paragraph\">Bocadinhos de fita no ch\u00e3o para a cadeira e para onde te p\u00f5es tu, um cart\u00e3o plastificado junto ao canto com os teus cinco \u00e2ngulos do costume, um trip\u00e9 para nada sair tremido. Nada de glamoroso, mas quando algu\u00e9m percorre o teu feed e cada foto est\u00e1 composta da mesma forma, isso l\u00ea-se como um neg\u00f3cio s\u00e9rio, quer a pessoa repare conscientemente quer n\u00e3o.<\/p>\n\n\n\n<h2 class=\"wp-block-heading\">Tira antes e depois que conven\u00e7am<\/h2>\n\n\n\n<p class=\"wp-block-paragraph\">Os antes e depois vendem por ti mais do que quase tudo o resto que possas publicar, porque quem \u00e0s onze da noite acha que estragou o cabelo com uma tinta de supermercado precisa de ver que outra pessoa esteve na mesma situa\u00e7\u00e3o e saiu de l\u00e1. Para funcionarem s\u00e3o precisas duas coisas: o mesmo \u00e2ngulo, a mesma dist\u00e2ncia e a mesma luz nas duas fotos, e a autoriza\u00e7\u00e3o do cliente antes de publicares qualquer uma delas.<\/p>\n\n\n\n<h3 class=\"wp-block-heading\">A foto do antes: regista o ponto de partida<\/h3>\n\n\n\n<p class=\"wp-block-paragraph\">Tira a foto antes de mexeres em seja o que for, com todo o cabelo ou o conjunto completo de unhas dentro do enquadramento e sem cortes agressivos. D\u00e1 vontade de fazer o antes parecer pior do que \u00e9 (luz m\u00e1, \u00e2ngulo dram\u00e1tico), mas \u00e9 melhor resistir. Se a transforma\u00e7\u00e3o existir mesmo, fotos honestas mostram-na; e se n\u00e3o existir, nenhum enquadramento esperto te salva.<\/p>\n\n\n\n<h3 class=\"wp-block-heading\">A foto do depois: mostra o teu melhor trabalho<\/h3>\n\n\n\n<p class=\"wp-block-paragraph\">No depois, mant\u00e9m-te fiel \u00e0 realidade. Deixa o cabelo mexer-se com naturalidade em vez de o prenderes numa forma que em casa nunca aguentaria, inclina as fotos de unhas para a luz apanhar o acabamento, e chega-te perto nas pestanas e nas sobrancelhas para o detalhe se ver mesmo. E usa sempre a mesma luz do antes, sen\u00e3o parece que fizeste batota mesmo que n\u00e3o tenhas feito.<\/p>\n\n\n\n<h3 class=\"wp-block-heading\">Regista v\u00e1rios \u00e2ngulos nos servi\u00e7os de cabelo<\/h3>\n\n\n\n<p class=\"wp-block-paragraph\">No cabelo, frente, lado e nuca s\u00e3o o conjunto padr\u00e3o, e vale sempre a pena juntar um grande plano quando h\u00e1 textura ou cor com profundidade para mostrar. Quem marca online quer ver o conjunto todo, n\u00e3o s\u00f3 a melhor foto de frente: se vir que os quatro \u00e2ngulos aguentam, confia que o dela tamb\u00e9m vai aguentar.<\/p>\n\n\n\n<h2 class=\"wp-block-heading\">Edita para dar clareza, n\u00e3o para enganar<\/h2>\n\n\n\n<p class=\"wp-block-paragraph\">Entre editar e enganar h\u00e1 uma linha, e est\u00e1 mais perto do que muita gente pensa. O brilho, o contraste e o balan\u00e7o de brancos podes ajust\u00e1-los; os filtros que deslocam a cor, ou o alisamento que apaga o que est\u00e1 mesmo na cabe\u00e7a, n\u00e3o. Quando o teu cliente se senta \u00e0 espera da tua vers\u00e3o de Instagram e encontra a real, a confian\u00e7a foi-se. Uma nota t\u00e9cnica pelo caminho: exporta em JPEG e n\u00e3o em RAW, que ningu\u00e9m est\u00e1 \u00e0 espera de uma imagem de 10 MB a carregar a caminho do trabalho.<\/p>\n\n\n\n<h3 class=\"wp-block-heading\">Os retoques que melhoram sem enganar<\/h3>\n\n\n\n<p class=\"wp-block-paragraph\">Pequenos ajustes de brilho e exposi\u00e7\u00e3o fazem os detalhes saltar sem mudar a verdade da foto, e o balan\u00e7o de brancos mant\u00e9m a pele com ar de pele e o loiro platinado com ar de platinado. A partir da\u00ed, corta ou apaga o que distrai: o frasco de produto largado, o lavat\u00f3rio ao canto, o casaco nas costas de uma cadeira. O limite razo\u00e1vel \u00e9 mais ou menos esse; para l\u00e1 disso est\u00e1s a editar para uma foto que n\u00e3o tiraste.<\/p>\n\n\n\n<h3 class=\"wp-block-heading\">Apps de edi\u00e7\u00e3o para quem n\u00e3o \u00e9 fot\u00f3grafo<\/h3>\n\n\n\n<p class=\"wp-block-paragraph\">O Lightroom Mobile, o Snapseed e o VSCO fazem tudo o que precisas, e nenhum deles exige um curso de fotografia. Assim que te fixares num, vale a pena montar uma predefini\u00e7\u00e3o que combine com o estilo do sal\u00e3o e aplic\u00e1-la a todas as imagens que publicares. Dez segundos por edi\u00e7\u00e3o, e de repente o teu feed inteiro passa a fazer sentido como uma identidade visual em vez de tr\u00eas profissionais a fazerem cada um o seu.<\/p>\n\n\n\n<h2 class=\"wp-block-heading\">Constr\u00f3i um portef\u00f3lio que converte<\/h2>\n\n\n\n<p class=\"wp-block-paragraph\">Um portef\u00f3lio n\u00e3o tem de ser exaustivo: tem de ser honesto sobre quem tu \u00e9s. Seis fotos boas daquilo que fazes mesmo ganham a sessenta medianas que cobrem tudo o que um sal\u00e3o de beleza pode oferecer no papel. Agrupa-as por servi\u00e7o (cabelo, sobrancelhas, unhas, sejam quais forem as tuas categorias principais) e mete umas quantas fotos do espa\u00e7o e da equipa, para os clientes se conseguirem situar. E acima de tudo, s\u00ea honesto sobre o que vendes: se 90 % das tuas marca\u00e7\u00f5es forem balayage para usar todos os dias, n\u00e3o abras com a foto editorial de vanguarda daquela \u00fanica sess\u00e3o de 2023.<\/p>\n\n\n\n<h3 class=\"wp-block-heading\">Organiza o teu portef\u00f3lio digital<\/h3>\n\n\n\n<p class=\"wp-block-paragraph\">Ordena as galerias do teu site por servi\u00e7o em vez de por data, para quem procura balayage n\u00e3o ter de passar pelas sobrancelhas at\u00e9 o encontrar. Legenda cada imagem como se fosse o Google a ler (porque \u00e9 mesmo): \u00abBalayage no Porto\u00bb rende-te muito mais do que \u00abTransforma\u00e7\u00e3o de sonho\u00bb. Garante tamb\u00e9m que as p\u00e1ginas carregam depressa no telem\u00f3vel, porque \u00e9 a\u00ed que quase toda a gente as vai ver. E p\u00f5e um bot\u00e3o de marca\u00e7\u00e3o vis\u00edvel a partir de cada galeria, porque entre \u00abadoro\u00bb e \u00abj\u00e1 marquei\u00bb devia haver um toque.<\/p>\n\n\n\n<h3 class=\"wp-block-heading\">Usa o portef\u00f3lio na consulta com o cliente<\/h3>\n\n\n\n<p class=\"wp-block-paragraph\">O portef\u00f3lio n\u00e3o \u00e9 s\u00f3 para as redes: leva-o tamb\u00e9m para a consulta. Um lookbook digital ou impresso d\u00e1-te, a ti e ao cliente, um vocabul\u00e1rio comum para o que significa na pr\u00e1tica \u00abcastanho quente\u00bb ou \u00abde noiva mas sem ser certinho\u00bb. E se puderes mostrar algu\u00e9m com cabelo ou tom de pele parecidos que saiu encantado, mostra, porque uma garantia assim t\u00e3o concreta acalma muito melhor do que qualquer promessa em palavras.<\/p>\n\n\n\n<h2 class=\"wp-block-heading\">Publica onde os clientes v\u00e3o ver o teu trabalho<\/h2>\n\n\n\n<p class=\"wp-block-paragraph\">Onde publicas conta tanto como aquilo que publicas. O Instagram serve para te descobrirem, o teu Perfil de Empresa do Google serve para quem j\u00e1 anda \u00e0 procura de um sal\u00e3o perto, e o teu site serve para quem est\u00e1 prestes a marcar. Plataformas diferentes com fun\u00e7\u00f5es diferentes, portanto, e mant\u00ea-las todas atualizadas conta, porque os algoritmos penalizam contas paradas e os clientes reparam quando a \u00faltima publica\u00e7\u00e3o \u00e9 do ver\u00e3o passado.<\/p>\n\n\n\n<h3 class=\"wp-block-heading\">Estrat\u00e9gia de conte\u00fado no Instagram para sal\u00f5es<\/h3>\n\n\n\n<p class=\"wp-block-paragraph\">Pensa no Instagram como tr\u00eas ferramentas numa s\u00f3 app. As publica\u00e7\u00f5es do feed s\u00e3o para o teu melhor trabalho, o mais cuidado, aquele com que um desconhecido pode dar de caras amanh\u00e3. As stories s\u00e3o mais soltas e mais ef\u00e9meras: bastidores, v\u00eddeos de mistura de cor ou uma gargalhada na copa. E os reels s\u00e3o para transforma\u00e7\u00f5es e conte\u00fado de como se faz, que \u00e9 o que o algoritmo mais empurra neste momento. Al\u00e9m disso, as hashtags locais ganham de longe \u00e0s gen\u00e9ricas: #CabeleireiroLisboa traz-te clientes do Pr\u00edncipe Real, enquanto #HairGoals te traz designers de Buenos Aires.<\/p>\n\n\n\n<h3 class=\"wp-block-heading\">Otimiza o teu site e o teu Perfil de Empresa do Google<\/h3>\n\n\n\n<p class=\"wp-block-paragraph\">O teu Perfil de Empresa do Google trabalha por ti mais do que imaginas. Quando algu\u00e9m escreve \u00abcabeleireiro perto de mim\u00bb ou \u00abunhas de gel Braga\u00bb, \u00e9 a tua ficha do Google que decide se apareces nos resultados. Carrega fotos com cerca de 720&#215;720 p\u00edxeis, mant\u00e9m-nas abaixo dos 5 MB e d\u00e1-lhes nomes de ficheiro e textos alternativos descritivos. Esta \u00faltima parte conta mais do que parece: \u00abBlonde-balayage-lisboa.jpg\u00bb \u00e9 encontrado, \u00abIMG_4783.jpg\u00bb n\u00e3o leva ningu\u00e9m a lado nenhum.<\/p>\n\n\n\n<h3 class=\"wp-block-heading\">Cria um calend\u00e1rio de conte\u00fados para publicares com regularidade<\/h3>\n\n\n\n<p class=\"wp-block-paragraph\">Os melhores feeds de sal\u00e3o n\u00e3o s\u00e3o publicados por quem acordou inspirado nessa manh\u00e3: s\u00e3o produzidos por lotes. Uma tarde por m\u00eas tiras uma leva de conte\u00fado e editas tudo de uma vez, e depois distribui-lo pelas quatro semanas seguintes. Isso resolve o p\u00e2nico di\u00e1rio do \u00abo que \u00e9 que publico hoje\u00bb, e quer tamb\u00e9m dizer que as tuas melhores imagens podem viver no site, nas campanhas de e-mail e nas promo\u00e7\u00f5es de \u00e9poca. Outubro devia saber a outono no teu feed, na primavera pede-se noiva, o ver\u00e3o tem de respirar leveza. Mas esse ritmo s\u00f3 funciona mesmo se planeares com algumas semanas de anteced\u00eancia.<\/p>\n\n\n\n<h2 class=\"wp-block-heading\">Mete a tua equipa no processo<\/h2>\n\n\n\n<p class=\"wp-block-paragraph\">Se fores a \u00fanica pessoa a produzir conte\u00fado, ou te esgotas ou o teu feed cala-se, ou as duas coisas. Mete ent\u00e3o a equipa nisto; a parte dif\u00edcil \u00e9 facilitar-lhes fotografar bem sem estares atr\u00e1s deles em cada imagem. Escreve o que quer dizer \u00abbem\u00bb (\u00e2ngulo, luz, fundo, poses padr\u00e3o), imprime e afixa junto ao canto de fotografia. Com isso feito, qualquer pessoa consegue produzir conte\u00fado uniforme, e \u00e9 o conte\u00fado uniforme que enche as agendas de toda a gente.<\/p>\n\n\n\n<h3 class=\"wp-block-heading\">Escreve as orienta\u00e7\u00f5es de fotografia do teu sal\u00e3o<\/h3>\n\n\n\n<p class=\"wp-block-paragraph\">Escreve-as como se fossem lidas pela pessoa mais recente a entrar no sal\u00e3o, porque vai acontecer. Come\u00e7a pela montagem: onde fica a cadeira, onde vive o aro de luz, onde se prende o telem\u00f3vel. Depois os \u00e2ngulos: que tr\u00eas fotos para o cabelo, que duas para as unhas, qual para as sobrancelhas. Depois a edi\u00e7\u00e3o: que predefini\u00e7\u00e3o, que corte. E fecha com uma compara\u00e7\u00e3o de \u00abbom\u00bb e \u00aba repetir\u00bb lado a lado, porque toda a gente fotografa melhor quando v\u00ea aquilo a que tem de chegar.<\/p>\n\n\n\n<h3 class=\"wp-block-heading\">Responsabilidade e controlo de qualidade<\/h3>\n\n\n\n<p class=\"wp-block-paragraph\">Algu\u00e9m aprova tudo antes de sair, normalmente tu, pelo menos ao in\u00edcio. O feedback tem de ser sobre a foto e n\u00e3o sobre a pessoa, e tem de vir com a solu\u00e7\u00e3o inclu\u00edda, n\u00e3o s\u00f3 com o reparo. E quando algu\u00e9m acerta numa foto, diz isso \u00e0 frente de todos: um reconhecimento no grupo de WhatsApp n\u00e3o custa nada, um pequeno pr\u00e9mio para a \u00abfoto do m\u00eas\u00bb custa um caf\u00e9, e qualquer um dos dois faz mais pela qualidade das fotos do que mais uma atualiza\u00e7\u00e3o das orienta\u00e7\u00f5es.<\/p>\n\n\n\n<h2 class=\"wp-block-heading\">O equipamento de que precisas mesmo<\/h2>\n\n\n\n<p class=\"wp-block-paragraph\">Para come\u00e7ar n\u00e3o \u00e9 preciso grande coisa. Um telem\u00f3vel decente (qualquer iPhone dos \u00faltimos tr\u00eas ou quatro anos, ou um Android equivalente), um aro de luz, um fundo neutro e um trip\u00e9 de telem\u00f3vel: \u00e9 este o kit inicial completo, e leva-te quase a todo o lado. Uma reflex ou uma mirrorless, e um verdadeiro conjunto de luzes, chegam depois, se e quando merecerem o lugar que ocupam no sal\u00e3o.<\/p>\n\n\n\n<h3 class=\"wp-block-heading\">Kit inicial acess\u00edvel (menos de 150 \u20ac)<\/h3>\n\n\n\n<p class=\"wp-block-paragraph\">A lista inicial \u00e9 curta: um trip\u00e9 de telem\u00f3vel, um suporte de telem\u00f3vel, um aro de luz com brilho regul\u00e1vel e um fundo port\u00e1til de desenrolar. Ao todo ficas abaixo dos 150 \u20ac se comparares um pouco. E bem usado, este kit ganha a uma c\u00e2mara de 2 000 \u20ac nas m\u00e3os de quem ainda n\u00e3o percebeu onde a h\u00e1 de p\u00f4r.<\/p>\n\n\n\n<h3 class=\"wp-block-heading\">Melhorias profissionais (a partir de 400 \u20ac)<\/h3>\n\n\n\n<p class=\"wp-block-paragraph\">Quando as bases j\u00e1 te saem sozinhas e come\u00e7am a ficar curtas, vale a pena olhar para um corpo mirrorless, um par de softboxes e uma parede de fundo montada como deve ser. Nada disto \u00e9 indispens\u00e1vel. O que te d\u00e1 s\u00e3o imagens principais melhores e sess\u00f5es mais r\u00e1pidas, e o investimento justifica-se assim que produzires conte\u00fado com frequ\u00eancia suficiente para o tempo poupado pagar mesmo o equipamento.<\/p>\n\n\n\n<h2 class=\"wp-block-heading\">Mostra o teu melhor trabalho<\/h2>\n\n\n\n<p class=\"wp-block-paragraph\">As boas fotos n\u00e3o s\u00e3o a \u00fanica coisa que enche uma agenda, mas s\u00e3o das poucas que um cliente novo v\u00ea antes de ter decidido mais alguma coisa sobre ti. Quer as tires tu entre clientes, quer chames um profissional duas vezes por ano, o trabalho a s\u00e9rio \u00e9 feito pela const\u00e2ncia e pela honestidade, n\u00e3o por uma \u00fanica foto de impacto. Um perfil cuidado fala de um sal\u00e3o cuidado, sem teres de dizer uma palavra.<\/p>\n\n\n\n<p class=\"wp-block-paragraph\">Inicia sess\u00e3o no Connect para atualizares o teu perfil com os teus trabalhos mais recentes e dares aos clientes um motivo para marcarem.<\/p>\n\n\n\n<div class=\"wp-block-buttons is-layout-flex wp-block-buttons-is-layout-flex\">\n<div class=\"wp-block-button\"><a class=\"wp-block-button__link wp-element-button\" href=\"https:\/\/connect.treatwell.pt\/login\">Iniciar sess\u00e3o para Treatwell Connect<\/a><\/div>\n<\/div>\n\n\n\n<p class=\"wp-block-paragraph\">Ainda n\u00e3o est\u00e1s na Treatwell?<\/p>\n\n\n\n<div class=\"wp-block-buttons is-layout-flex wp-block-buttons-is-layout-flex\">\n<div class=\"wp-block-button\"><a class=\"wp-block-button__link wp-element-button\" href=\"https:\/\/connect.treatwell.pt\/join\/\">Testa Gratuitamente<\/a><\/div>\n<\/div>\n\n\n<h2 class=\"schema-faq-heading\">FAQ<\/h2>\n<div class=\"schema-faq wp-block-yoast-faq-block\"><div class=\"schema-faq-section\" id=\"faq-question-1788257905520-0\"><h3 class=\"schema-faq-question\">Que luz &eacute; melhor para a fotografia profissional de sal&atilde;o?<\/h3> <p class=\"schema-faq-answer\">A luz natural de uma janela grande, de prefer&ecirc;ncia suavizada por um cortinado leve, d&aacute; os melhores resultados. Quando n&atilde;o h&aacute; luz do dia, um aro de luz ou um painel LED fazem o mesmo trabalho, desde que a temperatura de cor seja neutra e a montagem seja igual de cada vez.<\/p> <\/div> <div class=\"schema-faq-section\" id=\"faq-question-1788257905520-1\"><h3 class=\"schema-faq-question\">Como tirar fotos de antes e depois cred&iacute;veis?<\/h3> <p class=\"schema-faq-answer\">Tudo na foto tem de coincidir menos aquilo que mudou mesmo: o mesmo &acirc;ngulo, a mesma dist&acirc;ncia, a mesma luz. Se houver mais alguma coisa diferente entre as duas, as pessoas come&ccedil;am a duvidar de que a transforma&ccedil;&atilde;o seja real.<\/p> <\/div> <div class=\"schema-faq-section\" id=\"faq-question-1788257905520-2\"><h3 class=\"schema-faq-question\">Como fotografo os resultados do sal&atilde;o sem contratar um profissional?<\/h3> <p class=\"schema-faq-answer\">Monta um s&iacute;tio junto a uma janela com um aro de luz de apoio, usa a grelha do telem&oacute;vel para o enquadramento ficar certo, marca o ch&atilde;o para a cadeira voltar sempre ao mesmo ponto e edita com m&atilde;o leve no Snapseed ou no Lightroom Mobile. O kit completo custa menos de 150 &euro;, e assim que ganhas o h&aacute;bito leva-te muito longe.<\/p> <\/div> <div class=\"schema-faq-section\" id=\"faq-question-1788257905520-3\"><h3 class=\"schema-faq-question\">Onde vale a pena publicar as fotos do sal&atilde;o para chegar a mais clientes?<\/h3> <p class=\"schema-faq-answer\">Instagram para te descobrirem, o Perfil de Empresa do Google para a pesquisa local, o teu site para quem j&aacute; est&aacute; pronto a marcar e o Pinterest para quem ainda anda a decidir o que quer. Cada um apanha os clientes num momento diferente da decis&atilde;o.<\/p> <\/div> <div class=\"schema-faq-section\" id=\"faq-question-1788257905520-4\"><h3 class=\"schema-faq-question\">Como devem ser editadas as imagens na fotografia profissional de sal&atilde;o?<\/h3> <p class=\"schema-faq-answer\">No brilho, no contraste e no balan&ccedil;o de brancos podes mexer &agrave; vontade, e tirar uma toalha ou um frasco a mais do fundo tamb&eacute;m. O que muda o resultado real &eacute; que n&atilde;o: nem alisar a pele, nem deslocar a cor, nem branquear os dentes. Se um cliente chega &agrave; espera da foto e no pr&oacute;prio dia recebe outra coisa, a confian&ccedil;a j&aacute; se perdeu antes de pegares na tesoura.<\/p> <\/div> <div class=\"schema-faq-section\" id=\"faq-question-1788257905520-5\"><h3 class=\"schema-faq-question\">Quanto custa uma sess&atilde;o fotogr&aacute;fica profissional num sal&atilde;o?<\/h3> <p class=\"schema-faq-answer\">Depende de onde est\u00e1s e do que queres. Os fot\u00f3grafos independentes tanto fazem sess\u00f5es curtas para o perfil como dias inteiros a cobrir o sal\u00e3o e os tratamentos, com pre\u00e7os que variam em conformidade. Pede or\u00e7amento a dois ou tr\u00eas fot\u00f3grafos da tua zona e pergunta sempre o que est\u00e1 inclu\u00eddo: as horas no local, quantas imagens editadas, o direito de as usares comercialmente e a quem ficam os direitos de autor. Do lado da Treatwell, escreve para <a href=\"mailto:photo@treatwell.com\">photo@treatwell.com<\/a>\u00a0para saberes se uma sess\u00e3o \u00e9 poss\u00edvel a\u00ed e receberes um or\u00e7amento personalizado.<\/p> <\/div> <\/div>\n","protected":false},"excerpt":{"rendered":"<p>Os clientes passam por dezenas de sal\u00f5es antes de escolherem um, e decidem em cerca de quatro segundos. S\u00e3o as tuas fotos que fazem esse trabalho todo por ti, e \u00e9 muito pedir a uns quantos cent\u00edmetros quadrados de ecr\u00e3. Uma grelha de fotos tremidas e mal iluminadas tiradas com o telem\u00f3vel debaixo dos fluorescentes [&hellip;]<\/p>\n","protected":false},"author":104,"featured_media":4838,"template":"","meta":{"_acf_changed":false,"_yoast_wpseo_title":"Fotografia de sal\u00e3o: atrai mais clientes com boas fotos","_yoast_wpseo_metadesc":"Boas fotos transformam quem espreita em quem marca. Luz, equipamento, edi\u00e7\u00e3o e portef\u00f3lio para pores a fotografia do teu sal\u00e3o a trabalhar por ti.","_editorskit_title_hidden":false,"_editorskit_reading_time":0,"_editorskit_is_block_options_detached":false,"_editorskit_block_options_position":"{}","saswp_custom_schema_field":""},"categories":[424,423,425,426],"tags":[],"target-audience":[],"class_list":["post-4839","blog","type-blog","status-publish","has-post-thumbnail","hentry","category-abrir","category-crescer","category-gerir","category-promover"],"acf":[],"yoast_head":"<!-- This site is optimized with the Yoast SEO plugin v28.2 - https:\/\/yoast.com\/product\/yoast-seo-wordpress\/ -->\n<title>Fotografia de sal\u00e3o: atrai mais clientes com boas fotos<\/title>\n<meta name=\"description\" content=\"Boas fotos transformam quem espreita em quem marca. Luz, equipamento, edi\u00e7\u00e3o e portef\u00f3lio para pores a fotografia do teu sal\u00e3o a trabalhar por ti.\" \/>\n<meta name=\"robots\" content=\"index, follow, max-snippet:-1, max-image-preview:large, max-video-preview:-1\" \/>\n<link rel=\"canonical\" href=\"https:\/\/www.treatwell.pt/partners\/blog\/abrir\/fotografia-salao-atrair-mais-clientes\/\" \/>\n<meta property=\"og:locale\" content=\"pt_PT\" \/>\n<meta property=\"og:type\" content=\"article\" \/>\n<meta property=\"og:title\" content=\"Fotografia de sal\u00e3o: atrai mais clientes com boas fotos\" \/>\n<meta property=\"og:description\" content=\"Boas fotos transformam quem espreita em quem marca. Luz, equipamento, edi\u00e7\u00e3o e portef\u00f3lio para pores a fotografia do teu sal\u00e3o a trabalhar por ti.\" \/>\n<meta property=\"og:url\" content=\"https:\/\/www.treatwell.pt/partners\/blog\/abrir\/fotografia-salao-atrair-mais-clientes\/\" \/>\n<meta property=\"og:site_name\" content=\"Treatwell Business\" \/>\n<meta property=\"og:image\" content=\"https:\/\/www.treatwell.pt/partners\/wp-content\/uploads\/sites\/17\/2026\/09\/salon-photography-attract-more-clients.webp\" \/>\n\t<meta property=\"og:image:width\" content=\"1950\" \/>\n\t<meta property=\"og:image:height\" content=\"1300\" \/>\n\t<meta property=\"og:image:type\" content=\"image\/webp\" \/>\n<meta name=\"twitter:card\" content=\"summary_large_image\" \/>\n<meta name=\"twitter:label1\" content=\"Tempo estimado de leitura\" \/>\n\t<meta name=\"twitter:data1\" content=\"21 minutos\" \/>\n<script type=\"application\/ld+json\" class=\"yoast-schema-graph\">{\"@context\":\"https:\\\/\\\/schema.org\",\"@graph\":[{\"@type\":\"Article\",\"@id\":\"https:\\\/\\\/www.treatwell.pt/partners\\\/blog\\\/abrir\\\/fotografia-salao-atrair-mais-clientes\\\/#article\",\"isPartOf\":{\"@id\":\"https:\\\/\\\/www.treatwell.pt/partners\\\/blog\\\/abrir\\\/fotografia-salao-atrair-mais-clientes\\\/\"},\"author\":{\"name\":\"Treatwell for Business\",\"@id\":\"https:\\\/\\\/www.treatwell.pt/partners\\\/#\\\/schema\\\/person\\\/fd7d5c0bce75f41f350f6995319e8902\"},\"headline\":\"Fotografia de sal&atilde;o: como atrair mais clientes com boas fotos\",\"datePublished\":\"2026-09-01T15:33:04+00:00\",\"mainEntityOfPage\":{\"@id\":\"https:\\\/\\\/www.treatwell.pt/partners\\\/blog\\\/abrir\\\/fotografia-salao-atrair-mais-clientes\\\/\"},\"wordCount\":4013,\"publisher\":{\"@id\":\"https:\\\/\\\/www.treatwell.pt/partners\\\/#organization\"},\"image\":{\"@id\":\"https:\\\/\\\/www.treatwell.pt/partners\\\/blog\\\/abrir\\\/fotografia-salao-atrair-mais-clientes\\\/#primaryimage\"},\"thumbnailUrl\":\"https:\\\/\\\/www.treatwell.pt/partners\\\/wp-content\\\/uploads\\\/sites\\\/17\\\/2026\\\/09\\\/salon-photography-attract-more-clients.webp\",\"articleSection\":[\"Abrir\",\"Crescer\",\"Gerir\",\"Promover\"],\"inLanguage\":\"pt-PT\"},{\"@type\":[\"WebPage\",\"FAQPage\"],\"@id\":\"https:\\\/\\\/www.treatwell.pt/partners\\\/blog\\\/abrir\\\/fotografia-salao-atrair-mais-clientes\\\/\",\"url\":\"https:\\\/\\\/www.treatwell.pt/partners\\\/blog\\\/abrir\\\/fotografia-salao-atrair-mais-clientes\\\/\",\"name\":\"Fotografia de sal\u00e3o: atrai mais clientes com boas fotos\",\"isPartOf\":{\"@id\":\"https:\\\/\\\/www.treatwell.pt/partners\\\/#website\"},\"primaryImageOfPage\":{\"@id\":\"https:\\\/\\\/www.treatwell.pt/partners\\\/blog\\\/abrir\\\/fotografia-salao-atrair-mais-clientes\\\/#primaryimage\"},\"image\":{\"@id\":\"https:\\\/\\\/www.treatwell.pt/partners\\\/blog\\\/abrir\\\/fotografia-salao-atrair-mais-clientes\\\/#primaryimage\"},\"thumbnailUrl\":\"https:\\\/\\\/www.treatwell.pt/partners\\\/wp-content\\\/uploads\\\/sites\\\/17\\\/2026\\\/09\\\/salon-photography-attract-more-clients.webp\",\"datePublished\":\"2026-09-01T15:33:04+00:00\",\"description\":\"Boas fotos transformam quem espreita em quem marca. Luz, equipamento, edi\u00e7\u00e3o e portef\u00f3lio para pores a fotografia do teu sal\u00e3o a trabalhar por ti.\",\"breadcrumb\":{\"@id\":\"https:\\\/\\\/www.treatwell.pt/partners\\\/blog\\\/abrir\\\/fotografia-salao-atrair-mais-clientes\\\/#breadcrumb\"},\"mainEntity\":[{\"@id\":\"https:\\\/\\\/www.treatwell.pt/partners\\\/blog\\\/abrir\\\/fotografia-salao-atrair-mais-clientes\\\/#faq-question-1788257905520-0\"},{\"@id\":\"https:\\\/\\\/www.treatwell.pt/partners\\\/blog\\\/abrir\\\/fotografia-salao-atrair-mais-clientes\\\/#faq-question-1788257905520-1\"},{\"@id\":\"https:\\\/\\\/www.treatwell.pt/partners\\\/blog\\\/abrir\\\/fotografia-salao-atrair-mais-clientes\\\/#faq-question-1788257905520-2\"},{\"@id\":\"https:\\\/\\\/www.treatwell.pt/partners\\\/blog\\\/abrir\\\/fotografia-salao-atrair-mais-clientes\\\/#faq-question-1788257905520-3\"},{\"@id\":\"https:\\\/\\\/www.treatwell.pt/partners\\\/blog\\\/abrir\\\/fotografia-salao-atrair-mais-clientes\\\/#faq-question-1788257905520-4\"},{\"@id\":\"https:\\\/\\\/www.treatwell.pt/partners\\\/blog\\\/abrir\\\/fotografia-salao-atrair-mais-clientes\\\/#faq-question-1788257905520-5\"}],\"inLanguage\":\"pt-PT\",\"potentialAction\":[{\"@type\":\"ReadAction\",\"target\":[\"https:\\\/\\\/www.treatwell.pt/partners\\\/blog\\\/abrir\\\/fotografia-salao-atrair-mais-clientes\\\/\"]}]},{\"@type\":\"ImageObject\",\"inLanguage\":\"pt-PT\",\"@id\":\"https:\\\/\\\/www.treatwell.pt/partners\\\/blog\\\/abrir\\\/fotografia-salao-atrair-mais-clientes\\\/#primaryimage\",\"url\":\"https:\\\/\\\/www.treatwell.pt/partners\\\/wp-content\\\/uploads\\\/sites\\\/17\\\/2026\\\/09\\\/salon-photography-attract-more-clients.webp\",\"contentUrl\":\"https:\\\/\\\/www.treatwell.pt/partners\\\/wp-content\\\/uploads\\\/sites\\\/17\\\/2026\\\/09\\\/salon-photography-attract-more-clients.webp\",\"width\":1950,\"height\":1300,\"caption\":\"Interior de sal\u00e3o luminoso com paredes cor-de-rosa e lil\u00e1s, vigas de madeira \u00e0 vista, retratos pop art coloridos e sof\u00e1s de veludo, iluminado por luz natural.\"},{\"@type\":\"BreadcrumbList\",\"@id\":\"https:\\\/\\\/www.treatwell.pt/partners\\\/blog\\\/abrir\\\/fotografia-salao-atrair-mais-clientes\\\/#breadcrumb\",\"itemListElement\":[{\"@type\":\"ListItem\",\"position\":1,\"name\":\"Home\",\"item\":\"https:\\\/\\\/www.treatwell.pt/partners\\\/\"},{\"@type\":\"ListItem\",\"position\":2,\"name\":\"Blog\",\"item\":\"https:\\\/\\\/www.treatwell.pt/partners\\\/blog\\\/\"},{\"@type\":\"ListItem\",\"position\":3,\"name\":\"Abrir\",\"item\":\"https:\\\/\\\/www.treatwell.pt/partners\\\/blog\\\/abrir\\\/\"},{\"@type\":\"ListItem\",\"position\":4,\"name\":\"Fotografia de sal&atilde;o: como atrair mais clientes com boas fotos\"}]},{\"@type\":\"WebSite\",\"@id\":\"https:\\\/\\\/www.treatwell.pt/partners\\\/#website\",\"url\":\"https:\\\/\\\/www.treatwell.pt/partners\\\/\",\"name\":\"Treatwell\",\"description\":\"\",\"publisher\":{\"@id\":\"https:\\\/\\\/www.treatwell.pt/partners\\\/#organization\"},\"potentialAction\":[{\"@type\":\"SearchAction\",\"target\":{\"@type\":\"EntryPoint\",\"urlTemplate\":\"https:\\\/\\\/www.treatwell.pt/partners\\\/?s={search_term_string}\"},\"query-input\":{\"@type\":\"PropertyValueSpecification\",\"valueRequired\":true,\"valueName\":\"search_term_string\"}}],\"inLanguage\":\"pt-PT\"},{\"@type\":\"Organization\",\"@id\":\"https:\\\/\\\/www.treatwell.pt/partners\\\/#organization\",\"name\":\"Treatwell\",\"url\":\"https:\\\/\\\/www.treatwell.pt/partners\\\/\",\"logo\":{\"@type\":\"ImageObject\",\"inLanguage\":\"pt-PT\",\"@id\":\"https:\\\/\\\/www.treatwell.pt/partners\\\/#\\\/schema\\\/logo\\\/image\\\/\",\"url\":\"https:\\\/\\\/www.treatwell.pt/partners\\\/wp-content\\\/uploads\\\/sites\\\/17\\\/2022\\\/03\\\/logo-treatwell-4x.png\",\"contentUrl\":\"https:\\\/\\\/www.treatwell.pt/partners\\\/wp-content\\\/uploads\\\/sites\\\/17\\\/2022\\\/03\\\/logo-treatwell-4x.png\",\"width\":475,\"height\":89,\"caption\":\"Treatwell\"},\"image\":{\"@id\":\"https:\\\/\\\/www.treatwell.pt/partners\\\/#\\\/schema\\\/logo\\\/image\\\/\"}},{\"@type\":\"Person\",\"@id\":\"https:\\\/\\\/www.treatwell.pt/partners\\\/#\\\/schema\\\/person\\\/fd7d5c0bce75f41f350f6995319e8902\",\"name\":\"Treatwell for Business\",\"image\":{\"@type\":\"ImageObject\",\"inLanguage\":\"pt-PT\",\"@id\":\"https:\\\/\\\/secure.gravatar.com\\\/avatar\\\/a42078294b4826629e7f33ad981f3316a061d7c82848d09000a3e951473904fb?s=96&d=mm&r=g\",\"url\":\"https:\\\/\\\/secure.gravatar.com\\\/avatar\\\/a42078294b4826629e7f33ad981f3316a061d7c82848d09000a3e951473904fb?s=96&d=mm&r=g\",\"contentUrl\":\"https:\\\/\\\/secure.gravatar.com\\\/avatar\\\/a42078294b4826629e7f33ad981f3316a061d7c82848d09000a3e951473904fb?s=96&d=mm&r=g\",\"caption\":\"Treatwell for Business\"},\"url\":\"https:\\\/\\\/www.treatwell.pt/partners\\\/author\\\/treatwellforbusiness\\\/\"},{\"@type\":\"Question\",\"@id\":\"https:\\\/\\\/www.treatwell.pt/partners\\\/blog\\\/abrir\\\/fotografia-salao-atrair-mais-clientes\\\/#faq-question-1788257905520-0\",\"position\":1,\"url\":\"https:\\\/\\\/www.treatwell.pt/partners\\\/blog\\\/abrir\\\/fotografia-salao-atrair-mais-clientes\\\/#faq-question-1788257905520-0\",\"name\":\"Que luz &eacute; melhor para a fotografia profissional de sal&atilde;o?\",\"answerCount\":1,\"acceptedAnswer\":{\"@type\":\"Answer\",\"text\":\"A luz natural de uma janela grande, de prefer&ecirc;ncia suavizada por um cortinado leve, d&aacute; os melhores resultados. Quando n&atilde;o h&aacute; luz do dia, um aro de luz ou um painel LED fazem o mesmo trabalho, desde que a temperatura de cor seja neutra e a montagem seja igual de cada vez.\",\"inLanguage\":\"pt-PT\"},\"inLanguage\":\"pt-PT\"},{\"@type\":\"Question\",\"@id\":\"https:\\\/\\\/www.treatwell.pt/partners\\\/blog\\\/abrir\\\/fotografia-salao-atrair-mais-clientes\\\/#faq-question-1788257905520-1\",\"position\":2,\"url\":\"https:\\\/\\\/www.treatwell.pt/partners\\\/blog\\\/abrir\\\/fotografia-salao-atrair-mais-clientes\\\/#faq-question-1788257905520-1\",\"name\":\"Como tirar fotos de antes e depois cred&iacute;veis?\",\"answerCount\":1,\"acceptedAnswer\":{\"@type\":\"Answer\",\"text\":\"Tudo na foto tem de coincidir menos aquilo que mudou mesmo: o mesmo &acirc;ngulo, a mesma dist&acirc;ncia, a mesma luz. Se houver mais alguma coisa diferente entre as duas, as pessoas come&ccedil;am a duvidar de que a transforma&ccedil;&atilde;o seja real.\",\"inLanguage\":\"pt-PT\"},\"inLanguage\":\"pt-PT\"},{\"@type\":\"Question\",\"@id\":\"https:\\\/\\\/www.treatwell.pt/partners\\\/blog\\\/abrir\\\/fotografia-salao-atrair-mais-clientes\\\/#faq-question-1788257905520-2\",\"position\":3,\"url\":\"https:\\\/\\\/www.treatwell.pt/partners\\\/blog\\\/abrir\\\/fotografia-salao-atrair-mais-clientes\\\/#faq-question-1788257905520-2\",\"name\":\"Como fotografo os resultados do sal&atilde;o sem contratar um profissional?\",\"answerCount\":1,\"acceptedAnswer\":{\"@type\":\"Answer\",\"text\":\"Monta um s&iacute;tio junto a uma janela com um aro de luz de apoio, usa a grelha do telem&oacute;vel para o enquadramento ficar certo, marca o ch&atilde;o para a cadeira voltar sempre ao mesmo ponto e edita com m&atilde;o leve no Snapseed ou no Lightroom Mobile. O kit completo custa menos de 150 &euro;, e assim que ganhas o h&aacute;bito leva-te muito longe.\",\"inLanguage\":\"pt-PT\"},\"inLanguage\":\"pt-PT\"},{\"@type\":\"Question\",\"@id\":\"https:\\\/\\\/www.treatwell.pt/partners\\\/blog\\\/abrir\\\/fotografia-salao-atrair-mais-clientes\\\/#faq-question-1788257905520-3\",\"position\":4,\"url\":\"https:\\\/\\\/www.treatwell.pt/partners\\\/blog\\\/abrir\\\/fotografia-salao-atrair-mais-clientes\\\/#faq-question-1788257905520-3\",\"name\":\"Onde vale a pena publicar as fotos do sal&atilde;o para chegar a mais clientes?\",\"answerCount\":1,\"acceptedAnswer\":{\"@type\":\"Answer\",\"text\":\"Instagram para te descobrirem, o Perfil de Empresa do Google para a pesquisa local, o teu site para quem j&aacute; est&aacute; pronto a marcar e o Pinterest para quem ainda anda a decidir o que quer. Cada um apanha os clientes num momento diferente da decis&atilde;o.\",\"inLanguage\":\"pt-PT\"},\"inLanguage\":\"pt-PT\"},{\"@type\":\"Question\",\"@id\":\"https:\\\/\\\/www.treatwell.pt/partners\\\/blog\\\/abrir\\\/fotografia-salao-atrair-mais-clientes\\\/#faq-question-1788257905520-4\",\"position\":5,\"url\":\"https:\\\/\\\/www.treatwell.pt/partners\\\/blog\\\/abrir\\\/fotografia-salao-atrair-mais-clientes\\\/#faq-question-1788257905520-4\",\"name\":\"Como devem ser editadas as imagens na fotografia profissional de sal&atilde;o?\",\"answerCount\":1,\"acceptedAnswer\":{\"@type\":\"Answer\",\"text\":\"No brilho, no contraste e no balan&ccedil;o de brancos podes mexer &agrave; vontade, e tirar uma toalha ou um frasco a mais do fundo tamb&eacute;m. O que muda o resultado real &eacute; que n&atilde;o: nem alisar a pele, nem deslocar a cor, nem branquear os dentes. Se um cliente chega &agrave; espera da foto e no pr&oacute;prio dia recebe outra coisa, a confian&ccedil;a j&aacute; se perdeu antes de pegares na tesoura.\",\"inLanguage\":\"pt-PT\"},\"inLanguage\":\"pt-PT\"},{\"@type\":\"Question\",\"@id\":\"https:\\\/\\\/www.treatwell.pt/partners\\\/blog\\\/abrir\\\/fotografia-salao-atrair-mais-clientes\\\/#faq-question-1788257905520-5\",\"position\":6,\"url\":\"https:\\\/\\\/www.treatwell.pt/partners\\\/blog\\\/abrir\\\/fotografia-salao-atrair-mais-clientes\\\/#faq-question-1788257905520-5\",\"name\":\"Quanto custa uma sess&atilde;o fotogr&aacute;fica profissional num sal&atilde;o?\",\"answerCount\":1,\"acceptedAnswer\":{\"@type\":\"Answer\",\"text\":\"Depende de onde est\u00e1s e do que queres. Os fot\u00f3grafos independentes tanto fazem sess\u00f5es curtas para o perfil como dias inteiros a cobrir o sal\u00e3o e os tratamentos, com pre\u00e7os que variam em conformidade. Pede or\u00e7amento a dois ou tr\u00eas fot\u00f3grafos da tua zona e pergunta sempre o que est\u00e1 inclu\u00eddo: as horas no local, quantas imagens editadas, o direito de as usares comercialmente e a quem ficam os direitos de autor. Do lado da Treatwell, escreve para <a href=\\\"mailto:photo@treatwell.com\\\">photo@treatwell.com<\\\/a>\u00a0para saberes se uma sess\u00e3o \u00e9 poss\u00edvel a\u00ed e receberes um or\u00e7amento personalizado.\",\"inLanguage\":\"pt-PT\"},\"inLanguage\":\"pt-PT\"}]}<\/script>\n<!-- \/ Yoast SEO plugin. -->","yoast_head_json":{"title":"Fotografia de sal\u00e3o: atrai mais clientes com boas fotos","description":"Boas fotos transformam quem espreita em quem marca. Luz, equipamento, edi\u00e7\u00e3o e portef\u00f3lio para pores a fotografia do teu sal\u00e3o a trabalhar por ti.","robots":{"index":"index","follow":"follow","max-snippet":"max-snippet:-1","max-image-preview":"max-image-preview:large","max-video-preview":"max-video-preview:-1"},"canonical":"https:\/\/www.treatwell.pt/partners\/blog\/abrir\/fotografia-salao-atrair-mais-clientes\/","og_locale":"pt_PT","og_type":"article","og_title":"Fotografia de sal\u00e3o: atrai mais clientes com boas fotos","og_description":"Boas fotos transformam quem espreita em quem marca. Luz, equipamento, edi\u00e7\u00e3o e portef\u00f3lio para pores a fotografia do teu sal\u00e3o a trabalhar por ti.","og_url":"https:\/\/www.treatwell.pt/partners\/blog\/abrir\/fotografia-salao-atrair-mais-clientes\/","og_site_name":"Treatwell Business","og_image":[{"width":1950,"height":1300,"url":"https:\/\/www.treatwell.pt/partners\/wp-content\/uploads\/sites\/17\/2026\/09\/salon-photography-attract-more-clients.webp","type":"image\/webp"}],"twitter_card":"summary_large_image","twitter_misc":{"Tempo estimado de leitura":"21 minutos"},"schema":{"@context":"https:\/\/schema.org","@graph":[{"@type":"Article","@id":"https:\/\/www.treatwell.pt/partners\/blog\/abrir\/fotografia-salao-atrair-mais-clientes\/#article","isPartOf":{"@id":"https:\/\/www.treatwell.pt/partners\/blog\/abrir\/fotografia-salao-atrair-mais-clientes\/"},"author":{"name":"Treatwell for Business","@id":"https:\/\/www.treatwell.pt/partners\/#\/schema\/person\/fd7d5c0bce75f41f350f6995319e8902"},"headline":"Fotografia de sal&atilde;o: como atrair mais clientes com boas fotos","datePublished":"2026-09-01T15:33:04+00:00","mainEntityOfPage":{"@id":"https:\/\/www.treatwell.pt/partners\/blog\/abrir\/fotografia-salao-atrair-mais-clientes\/"},"wordCount":4013,"publisher":{"@id":"https:\/\/www.treatwell.pt/partners\/#organization"},"image":{"@id":"https:\/\/www.treatwell.pt/partners\/blog\/abrir\/fotografia-salao-atrair-mais-clientes\/#primaryimage"},"thumbnailUrl":"https:\/\/www.treatwell.pt/partners\/wp-content\/uploads\/sites\/17\/2026\/09\/salon-photography-attract-more-clients.webp","articleSection":["Abrir","Crescer","Gerir","Promover"],"inLanguage":"pt-PT"},{"@type":["WebPage","FAQPage"],"@id":"https:\/\/www.treatwell.pt/partners\/blog\/abrir\/fotografia-salao-atrair-mais-clientes\/","url":"https:\/\/www.treatwell.pt/partners\/blog\/abrir\/fotografia-salao-atrair-mais-clientes\/","name":"Fotografia de sal\u00e3o: atrai mais clientes com boas fotos","isPartOf":{"@id":"https:\/\/www.treatwell.pt/partners\/#website"},"primaryImageOfPage":{"@id":"https:\/\/www.treatwell.pt/partners\/blog\/abrir\/fotografia-salao-atrair-mais-clientes\/#primaryimage"},"image":{"@id":"https:\/\/www.treatwell.pt/partners\/blog\/abrir\/fotografia-salao-atrair-mais-clientes\/#primaryimage"},"thumbnailUrl":"https:\/\/www.treatwell.pt/partners\/wp-content\/uploads\/sites\/17\/2026\/09\/salon-photography-attract-more-clients.webp","datePublished":"2026-09-01T15:33:04+00:00","description":"Boas fotos transformam quem espreita em quem marca. Luz, equipamento, edi\u00e7\u00e3o e portef\u00f3lio para pores a fotografia do teu sal\u00e3o a trabalhar por ti.","breadcrumb":{"@id":"https:\/\/www.treatwell.pt/partners\/blog\/abrir\/fotografia-salao-atrair-mais-clientes\/#breadcrumb"},"mainEntity":[{"@id":"https:\/\/www.treatwell.pt/partners\/blog\/abrir\/fotografia-salao-atrair-mais-clientes\/#faq-question-1788257905520-0"},{"@id":"https:\/\/www.treatwell.pt/partners\/blog\/abrir\/fotografia-salao-atrair-mais-clientes\/#faq-question-1788257905520-1"},{"@id":"https:\/\/www.treatwell.pt/partners\/blog\/abrir\/fotografia-salao-atrair-mais-clientes\/#faq-question-1788257905520-2"},{"@id":"https:\/\/www.treatwell.pt/partners\/blog\/abrir\/fotografia-salao-atrair-mais-clientes\/#faq-question-1788257905520-3"},{"@id":"https:\/\/www.treatwell.pt/partners\/blog\/abrir\/fotografia-salao-atrair-mais-clientes\/#faq-question-1788257905520-4"},{"@id":"https:\/\/www.treatwell.pt/partners\/blog\/abrir\/fotografia-salao-atrair-mais-clientes\/#faq-question-1788257905520-5"}],"inLanguage":"pt-PT","potentialAction":[{"@type":"ReadAction","target":["https:\/\/www.treatwell.pt/partners\/blog\/abrir\/fotografia-salao-atrair-mais-clientes\/"]}]},{"@type":"ImageObject","inLanguage":"pt-PT","@id":"https:\/\/www.treatwell.pt/partners\/blog\/abrir\/fotografia-salao-atrair-mais-clientes\/#primaryimage","url":"https:\/\/www.treatwell.pt/partners\/wp-content\/uploads\/sites\/17\/2026\/09\/salon-photography-attract-more-clients.webp","contentUrl":"https:\/\/www.treatwell.pt/partners\/wp-content\/uploads\/sites\/17\/2026\/09\/salon-photography-attract-more-clients.webp","width":1950,"height":1300,"caption":"Interior de sal\u00e3o luminoso com paredes cor-de-rosa e lil\u00e1s, vigas de madeira \u00e0 vista, retratos pop art coloridos e sof\u00e1s de veludo, iluminado por luz natural."},{"@type":"BreadcrumbList","@id":"https:\/\/www.treatwell.pt/partners\/blog\/abrir\/fotografia-salao-atrair-mais-clientes\/#breadcrumb","itemListElement":[{"@type":"ListItem","position":1,"name":"Home","item":"https:\/\/www.treatwell.pt/partners\/"},{"@type":"ListItem","position":2,"name":"Blog","item":"https:\/\/www.treatwell.pt/partners\/blog\/"},{"@type":"ListItem","position":3,"name":"Abrir","item":"https:\/\/www.treatwell.pt/partners\/blog\/abrir\/"},{"@type":"ListItem","position":4,"name":"Fotografia de sal&atilde;o: como atrair mais clientes com boas fotos"}]},{"@type":"WebSite","@id":"https:\/\/www.treatwell.pt/partners\/#website","url":"https:\/\/www.treatwell.pt/partners\/","name":"Treatwell","description":"","publisher":{"@id":"https:\/\/www.treatwell.pt/partners\/#organization"},"potentialAction":[{"@type":"SearchAction","target":{"@type":"EntryPoint","urlTemplate":"https:\/\/www.treatwell.pt/partners\/?s={search_term_string}"},"query-input":{"@type":"PropertyValueSpecification","valueRequired":true,"valueName":"search_term_string"}}],"inLanguage":"pt-PT"},{"@type":"Organization","@id":"https:\/\/www.treatwell.pt/partners\/#organization","name":"Treatwell","url":"https:\/\/www.treatwell.pt/partners\/","logo":{"@type":"ImageObject","inLanguage":"pt-PT","@id":"https:\/\/www.treatwell.pt/partners\/#\/schema\/logo\/image\/","url":"https:\/\/www.treatwell.pt/partners\/wp-content\/uploads\/sites\/17\/2022\/03\/logo-treatwell-4x.png","contentUrl":"https:\/\/www.treatwell.pt/partners\/wp-content\/uploads\/sites\/17\/2022\/03\/logo-treatwell-4x.png","width":475,"height":89,"caption":"Treatwell"},"image":{"@id":"https:\/\/www.treatwell.pt/partners\/#\/schema\/logo\/image\/"}},{"@type":"Person","@id":"https:\/\/www.treatwell.pt/partners\/#\/schema\/person\/fd7d5c0bce75f41f350f6995319e8902","name":"Treatwell for Business","image":{"@type":"ImageObject","inLanguage":"pt-PT","@id":"https:\/\/secure.gravatar.com\/avatar\/a42078294b4826629e7f33ad981f3316a061d7c82848d09000a3e951473904fb?s=96&d=mm&r=g","url":"https:\/\/secure.gravatar.com\/avatar\/a42078294b4826629e7f33ad981f3316a061d7c82848d09000a3e951473904fb?s=96&d=mm&r=g","contentUrl":"https:\/\/secure.gravatar.com\/avatar\/a42078294b4826629e7f33ad981f3316a061d7c82848d09000a3e951473904fb?s=96&d=mm&r=g","caption":"Treatwell for Business"},"url":"https:\/\/www.treatwell.pt/partners\/author\/treatwellforbusiness\/"},{"@type":"Question","@id":"https:\/\/www.treatwell.pt/partners\/blog\/abrir\/fotografia-salao-atrair-mais-clientes\/#faq-question-1788257905520-0","position":1,"url":"https:\/\/www.treatwell.pt/partners\/blog\/abrir\/fotografia-salao-atrair-mais-clientes\/#faq-question-1788257905520-0","name":"Que luz &eacute; melhor para a fotografia profissional de sal&atilde;o?","answerCount":1,"acceptedAnswer":{"@type":"Answer","text":"A luz natural de uma janela grande, de prefer&ecirc;ncia suavizada por um cortinado leve, d&aacute; os melhores resultados. Quando n&atilde;o h&aacute; luz do dia, um aro de luz ou um painel LED fazem o mesmo trabalho, desde que a temperatura de cor seja neutra e a montagem seja igual de cada vez.","inLanguage":"pt-PT"},"inLanguage":"pt-PT"},{"@type":"Question","@id":"https:\/\/www.treatwell.pt/partners\/blog\/abrir\/fotografia-salao-atrair-mais-clientes\/#faq-question-1788257905520-1","position":2,"url":"https:\/\/www.treatwell.pt/partners\/blog\/abrir\/fotografia-salao-atrair-mais-clientes\/#faq-question-1788257905520-1","name":"Como tirar fotos de antes e depois cred&iacute;veis?","answerCount":1,"acceptedAnswer":{"@type":"Answer","text":"Tudo na foto tem de coincidir menos aquilo que mudou mesmo: o mesmo &acirc;ngulo, a mesma dist&acirc;ncia, a mesma luz. Se houver mais alguma coisa diferente entre as duas, as pessoas come&ccedil;am a duvidar de que a transforma&ccedil;&atilde;o seja real.","inLanguage":"pt-PT"},"inLanguage":"pt-PT"},{"@type":"Question","@id":"https:\/\/www.treatwell.pt/partners\/blog\/abrir\/fotografia-salao-atrair-mais-clientes\/#faq-question-1788257905520-2","position":3,"url":"https:\/\/www.treatwell.pt/partners\/blog\/abrir\/fotografia-salao-atrair-mais-clientes\/#faq-question-1788257905520-2","name":"Como fotografo os resultados do sal&atilde;o sem contratar um profissional?","answerCount":1,"acceptedAnswer":{"@type":"Answer","text":"Monta um s&iacute;tio junto a uma janela com um aro de luz de apoio, usa a grelha do telem&oacute;vel para o enquadramento ficar certo, marca o ch&atilde;o para a cadeira voltar sempre ao mesmo ponto e edita com m&atilde;o leve no Snapseed ou no Lightroom Mobile. O kit completo custa menos de 150 &euro;, e assim que ganhas o h&aacute;bito leva-te muito longe.","inLanguage":"pt-PT"},"inLanguage":"pt-PT"},{"@type":"Question","@id":"https:\/\/www.treatwell.pt/partners\/blog\/abrir\/fotografia-salao-atrair-mais-clientes\/#faq-question-1788257905520-3","position":4,"url":"https:\/\/www.treatwell.pt/partners\/blog\/abrir\/fotografia-salao-atrair-mais-clientes\/#faq-question-1788257905520-3","name":"Onde vale a pena publicar as fotos do sal&atilde;o para chegar a mais clientes?","answerCount":1,"acceptedAnswer":{"@type":"Answer","text":"Instagram para te descobrirem, o Perfil de Empresa do Google para a pesquisa local, o teu site para quem j&aacute; est&aacute; pronto a marcar e o Pinterest para quem ainda anda a decidir o que quer. Cada um apanha os clientes num momento diferente da decis&atilde;o.","inLanguage":"pt-PT"},"inLanguage":"pt-PT"},{"@type":"Question","@id":"https:\/\/www.treatwell.pt/partners\/blog\/abrir\/fotografia-salao-atrair-mais-clientes\/#faq-question-1788257905520-4","position":5,"url":"https:\/\/www.treatwell.pt/partners\/blog\/abrir\/fotografia-salao-atrair-mais-clientes\/#faq-question-1788257905520-4","name":"Como devem ser editadas as imagens na fotografia profissional de sal&atilde;o?","answerCount":1,"acceptedAnswer":{"@type":"Answer","text":"No brilho, no contraste e no balan&ccedil;o de brancos podes mexer &agrave; vontade, e tirar uma toalha ou um frasco a mais do fundo tamb&eacute;m. O que muda o resultado real &eacute; que n&atilde;o: nem alisar a pele, nem deslocar a cor, nem branquear os dentes. Se um cliente chega &agrave; espera da foto e no pr&oacute;prio dia recebe outra coisa, a confian&ccedil;a j&aacute; se perdeu antes de pegares na tesoura.","inLanguage":"pt-PT"},"inLanguage":"pt-PT"},{"@type":"Question","@id":"https:\/\/www.treatwell.pt/partners\/blog\/abrir\/fotografia-salao-atrair-mais-clientes\/#faq-question-1788257905520-5","position":6,"url":"https:\/\/www.treatwell.pt/partners\/blog\/abrir\/fotografia-salao-atrair-mais-clientes\/#faq-question-1788257905520-5","name":"Quanto custa uma sess&atilde;o fotogr&aacute;fica profissional num sal&atilde;o?","answerCount":1,"acceptedAnswer":{"@type":"Answer","text":"Depende de onde est\u00e1s e do que queres. Os fot\u00f3grafos independentes tanto fazem sess\u00f5es curtas para o perfil como dias inteiros a cobrir o sal\u00e3o e os tratamentos, com pre\u00e7os que variam em conformidade. Pede or\u00e7amento a dois ou tr\u00eas fot\u00f3grafos da tua zona e pergunta sempre o que est\u00e1 inclu\u00eddo: as horas no local, quantas imagens editadas, o direito de as usares comercialmente e a quem ficam os direitos de autor. Do lado da Treatwell, escreve para <a href=\"mailto:photo@treatwell.com\">photo@treatwell.com<\/a>\u00a0para saberes se uma sess\u00e3o \u00e9 poss\u00edvel a\u00ed e receberes um or\u00e7amento personalizado.","inLanguage":"pt-PT"},"inLanguage":"pt-PT"}]}},"_links":{"self":[{"href":"https:\/\/www.treatwell.pt\/partners\/wp-json\/wp\/v2\/blog\/4839","targetHints":{"allow":["GET"]}}],"collection":[{"href":"https:\/\/www.treatwell.pt\/partners\/wp-json\/wp\/v2\/blog"}],"about":[{"href":"https:\/\/www.treatwell.pt\/partners\/wp-json\/wp\/v2\/types\/blog"}],"author":[{"embeddable":true,"href":"https:\/\/www.treatwell.pt\/partners\/wp-json\/wp\/v2\/users\/104"}],"wp:featuredmedia":[{"embeddable":true,"href":"https:\/\/www.treatwell.pt\/partners\/wp-json\/wp\/v2\/media\/4838"}],"wp:attachment":[{"href":"https:\/\/www.treatwell.pt\/partners\/wp-json\/wp\/v2\/media?parent=4839"}],"wp:term":[{"taxonomy":"category","embeddable":true,"href":"https:\/\/www.treatwell.pt\/partners\/wp-json\/wp\/v2\/categories?post=4839"},{"taxonomy":"post_tag","embeddable":true,"href":"https:\/\/www.treatwell.pt\/partners\/wp-json\/wp\/v2\/tags?post=4839"},{"taxonomy":"target-audience","embeddable":true,"href":"https:\/\/www.treatwell.pt\/partners\/wp-json\/wp\/v2\/target-audience?post=4839"}],"curies":[{"name":"wp","href":"https:\/\/api.w.org\/{rel}","templated":true}]}}